{"id":42632,"date":"2025-05-23T08:18:36","date_gmt":"2025-05-23T14:18:36","guid":{"rendered":"https:\/\/labestiapolitica.com.mx\/?p=42632"},"modified":"2025-05-30T08:18:45","modified_gmt":"2025-05-30T14:18:45","slug":"sandra-corona-reafirma-su-compromiso-con-la-salud-materno-infantil-a-traves-del-programa-ame","status":"publish","type":"post","link":"https:\/\/labestiapolitica.com.mx\/?p=42632","title":{"rendered":"Sandra Corona reafirma su compromiso con la salud materno-infantil a trav\u00e9s del Programa AME"},"content":{"rendered":"<p style=\"text-align: justify;\">En un firme compromiso por garantizar el acceso oportuno a los servicios de salud para mujeres embarazadas y reci\u00e9n nacidos, la presidenta municipal de Zacualpan y presidenta de la Red de Municipios Saludables, Sandra Corona Padilla, particip\u00f3 en la firma de convenios del Programa \u201cAtenci\u00f3n a Mujeres Embarazadas\u201d (AME), un esfuerzo coordinado entre autoridades municipales, el Sistema Estatal DIF y la Secretar\u00eda de Salud de Tlaxcala (SESA).<\/p>\n<p style=\"text-align: justify;\">Durante el evento, Sandra Corona destac\u00f3 la importancia de este programa, el cual brinda apoyo en traslados m\u00e9dicos programados a mujeres embarazadas para que puedan acudir a sus consultas prenatales, as\u00ed como a madres recientes para asegurar que sus beb\u00e9s reciban las vacunas correspondientes.<\/p>\n<p style=\"text-align: justify;\">\u201cEste tipo de acciones salvan vidas y fortalecen la atenci\u00f3n integral a la salud materno-infantil. Es invaluable el trabajo conjunto entre el DIF y SESA, y de los municipios tenemos la responsabilidad de sumarnos con acciones que verdaderamente marquen la diferencia\u201d, expres\u00f3.<\/p>\n<p style=\"text-align: justify;\">El programa AME no contempla traslados en casos de emergencia m\u00e9dica, sino que est\u00e1 enfocado exclusivamente en brindar transporte seguro y oportuno para citas m\u00e9dicas programadas, facilitando as\u00ed la continuidad de la atenci\u00f3n durante el embarazo y en los primeros meses de vida del reci\u00e9n nacido.<\/p>\n<p style=\"text-align: justify;\">Con esta iniciativa, Sandra Corona reafirma su compromiso de priorizar la salud materno-infantil como un pilar fundamental del desarrollo social del municipio de Zacualpan, promoviendo el bienestar de las mujeres y sus familias Zacualpenses.<\/p>\n<p><img loading=\"lazy\" decoding=\"async\" class=\"alignnone size-full wp-image-42634\" src=\"https:\/\/labestiapolitica.com.mx\/wp-content\/uploads\/2025\/05\/Proyecto-nuevo-12-3.jpg\" alt=\"\" width=\"1000\" height=\"600\" srcset=\"https:\/\/labestiapolitica.com.mx\/wp-content\/uploads\/2025\/05\/Proyecto-nuevo-12-3.jpg 1000w, https:\/\/labestiapolitica.com.mx\/wp-content\/uploads\/2025\/05\/Proyecto-nuevo-12-3-300x180.jpg 300w, https:\/\/labestiapolitica.com.mx\/wp-content\/uploads\/2025\/05\/Proyecto-nuevo-12-3-768x461.jpg 768w\" sizes=\"auto, (max-width: 1000px) 100vw, 1000px\" \/> <img loading=\"lazy\" decoding=\"async\" class=\"alignnone size-full wp-image-42635\" src=\"https:\/\/labestiapolitica.com.mx\/wp-content\/uploads\/2025\/05\/Proyecto-nuevo-11-3.jpg\" alt=\"\" width=\"1000\" height=\"600\" srcset=\"https:\/\/labestiapolitica.com.mx\/wp-content\/uploads\/2025\/05\/Proyecto-nuevo-11-3.jpg 1000w, https:\/\/labestiapolitica.com.mx\/wp-content\/uploads\/2025\/05\/Proyecto-nuevo-11-3-300x180.jpg 300w, https:\/\/labestiapolitica.com.mx\/wp-content\/uploads\/2025\/05\/Proyecto-nuevo-11-3-768x461.jpg 768w\" sizes=\"auto, (max-width: 1000px) 100vw, 1000px\" \/> <img loading=\"lazy\" decoding=\"async\" class=\"alignnone size-full wp-image-42636\" src=\"https:\/\/labestiapolitica.com.mx\/wp-content\/uploads\/2025\/05\/Proyecto-nuevo-10-4.jpg\" alt=\"\" width=\"1000\" height=\"600\" srcset=\"https:\/\/labestiapolitica.com.mx\/wp-content\/uploads\/2025\/05\/Proyecto-nuevo-10-4.jpg 1000w, https:\/\/labestiapolitica.com.mx\/wp-content\/uploads\/2025\/05\/Proyecto-nuevo-10-4-300x180.jpg 300w, https:\/\/labestiapolitica.com.mx\/wp-content\/uploads\/2025\/05\/Proyecto-nuevo-10-4-768x461.jpg 768w\" sizes=\"auto, (max-width: 1000px) 100vw, 1000px\" \/><\/p>\n","protected":false},"excerpt":{"rendered":"<p>En un firme compromiso por garantizar el acceso oportuno a los servicios de salud para mujeres embarazadas y reci\u00e9n nacidos, la presidenta municipal de Zacualpan y presidenta de la Red de Municipios Saludables, Sandra Corona Padilla, particip\u00f3 en la firma de convenios del Programa \u201cAtenci\u00f3n a Mujeres Embarazadas\u201d (AME), un esfuerzo coordinado entre autoridades municipales, [&hellip;]<\/p>\n","protected":false},"author":3,"featured_media":42633,"comment_status":"open","ping_status":"open","sticky":false,"template":"","format":"standard","meta":{"footnotes":""},"categories":[12],"tags":[],"class_list":["post-42632","post","type-post","status-publish","format-standard","has-post-thumbnail","hentry","category-brujula-2026"],"amp_enabled":true,"_links":{"self":[{"href":"https:\/\/labestiapolitica.com.mx\/index.php?rest_route=\/wp\/v2\/posts\/42632","targetHints":{"allow":["GET"]}}],"collection":[{"href":"https:\/\/labestiapolitica.com.mx\/index.php?rest_route=\/wp\/v2\/posts"}],"about":[{"href":"https:\/\/labestiapolitica.com.mx\/index.php?rest_route=\/wp\/v2\/types\/post"}],"author":[{"embeddable":true,"href":"https:\/\/labestiapolitica.com.mx\/index.php?rest_route=\/wp\/v2\/users\/3"}],"replies":[{"embeddable":true,"href":"https:\/\/labestiapolitica.com.mx\/index.php?rest_route=%2Fwp%2Fv2%2Fcomments&post=42632"}],"version-history":[{"count":1,"href":"https:\/\/labestiapolitica.com.mx\/index.php?rest_route=\/wp\/v2\/posts\/42632\/revisions"}],"predecessor-version":[{"id":42637,"href":"https:\/\/labestiapolitica.com.mx\/index.php?rest_route=\/wp\/v2\/posts\/42632\/revisions\/42637"}],"wp:featuredmedia":[{"embeddable":true,"href":"https:\/\/labestiapolitica.com.mx\/index.php?rest_route=\/wp\/v2\/media\/42633"}],"wp:attachment":[{"href":"https:\/\/labestiapolitica.com.mx\/index.php?rest_route=%2Fwp%2Fv2%2Fmedia&parent=42632"}],"wp:term":[{"taxonomy":"category","embeddable":true,"href":"https:\/\/labestiapolitica.com.mx\/index.php?rest_route=%2Fwp%2Fv2%2Fcategories&post=42632"},{"taxonomy":"post_tag","embeddable":true,"href":"https:\/\/labestiapolitica.com.mx\/index.php?rest_route=%2Fwp%2Fv2%2Ftags&post=42632"}],"curies":[{"name":"wp","href":"https:\/\/api.w.org\/{rel}","templated":true}]}}