{"id":42679,"date":"2025-05-30T16:48:50","date_gmt":"2025-05-30T22:48:50","guid":{"rendered":"https:\/\/labestiapolitica.com.mx\/?p=42679"},"modified":"2025-05-30T16:48:50","modified_gmt":"2025-05-30T22:48:50","slug":"rector-de-la-uatx-diserta-sobre-humanismo-y-educacion-superior-en-foro-nacional-de-anfade","status":"publish","type":"post","link":"https:\/\/labestiapolitica.com.mx\/?p=42679","title":{"rendered":"Rector de la UATx diserta sobre Humanismo y Educaci\u00f3n Superior en foro nacional de ANFADE"},"content":{"rendered":"<ul>\n<li style=\"font-weight: 400; text-align: justify;\">Fue invitado como ponente magistral en la Paz, Baja California<\/li>\n<\/ul>\n<p style=\"font-weight: 400; text-align: justify;\">El Doctor Seraf\u00edn Ortiz Ortiz, Rector de la Universidad Aut\u00f3noma de Tlaxcala (UATx), particip\u00f3 como ponente magistral en la inauguraci\u00f3n del\u00a0\ud835\udc17\ud835\udc17\ud835\udc17\ud835\udc08\ud835\udc15\u00a0\ud835\udc02\ud835\udc28\ud835\udc27\ud835\udc20\ud835\udc2b\ud835\udc1e\ud835\udc2c\ud835\udc28\u00a0\ud835\udc0d\ud835\udc1a\ud835\udc1c\ud835\udc22\ud835\udc28\ud835\udc27\ud835\udc1a\ud835\udc25\u00a0\ud835\udc1d\ud835\udc1e\u00a0\ud835\udc25\ud835\udc1a\u00a0\ud835\udc00\ud835\udc2c\ud835\udc28\ud835\udc1c\ud835\udc22\ud835\udc1a\ud835\udc1c\ud835\udc22\ud835\udc28\u0301\ud835\udc27\u00a0\ud835\udc0d\ud835\udc1a\ud835\udc1c\ud835\udc22\ud835\udc28\ud835\udc27\ud835\udc1a\ud835\udc25\u00a0\ud835\udc1d\ud835\udc1e\u00a0\ud835\udc05\ud835\udc1a\ud835\udc1c\ud835\udc2e\ud835\udc25\ud835\udc2d\ud835\udc1a\ud835\udc1d\ud835\udc1e\ud835\udc2c\u00a0\ud835\udc1d\ud835\udc1e\u00a0\ud835\udc03\ud835\udc1e\ud835\udc2b\ud835\udc1e\ud835\udc1c\ud835\udc21\ud835\udc28\u00a0(ANFADE), con la conferencia\u00a0\ud835\udc04\ud835\udc25\u00a0\ud835\udc07\ud835\udc2e\ud835\udc26\ud835\udc1a\ud835\udc27\ud835\udc22\ud835\udc2c\ud835\udc26\ud835\udc28\u00a0\ud835\udc04\ud835\udc1d\ud835\udc2e\ud835\udc1c\ud835\udc1a\ud835\udc2d\ud835\udc22\ud835\udc2f\ud835\udc28:\u00a0\ud835\udc14\ud835\udc27\u00a0\ud835\udc0c\ud835\udc28\ud835\udc1d\ud835\udc1e\ud835\udc25\ud835\udc28\u00a0\ud835\udc15\ud835\udc1a\ud835\udc25\ud835\udc28\ud835\udc2b\ud835\udc1a\ud835\udc2d\ud835\udc22\ud835\udc2f\ud835\udc28\u00a0\ud835\udc29\ud835\udc1a\ud835\udc2b\ud835\udc1a\u00a0\ud835\udc25\ud835\udc1a\u00a0\ud835\udc04\ud835\udc1d\ud835\udc2e\ud835\udc1c\ud835\udc1a\ud835\udc1c\ud835\udc22\ud835\udc28\u0301\ud835\udc27\u00a0\ud835\udc12\ud835\udc2e\ud835\udc29\ud835\udc1e\ud835\udc2b\ud835\udc22\ud835\udc28\ud835\udc2b.<\/p>\n<p style=\"font-weight: 400; text-align: justify;\">Le acompa\u00f1aron el Doctor M\u00e1ximo Carvajal Contreras, Presidente de ANFADE; el Doctor Jos\u00e9 Rodolfo Ch\u00e1vez De Los R\u00edos, Secretario General, y el Doctor Jos\u00e9 Antonio N\u00fa\u00f1ez Ochoa, Tesorero de la Asociaci\u00f3n, en la sede de la Universidad Mundial de Baja California Sur, en la ciudad de la Paz.<\/p>\n<p style=\"font-weight: 400; text-align: justify;\">En este foro nacional, el Rector de la Aut\u00f3noma de Tlaxcala abord\u00f3 las reformas constitucionales del a\u00f1o 2019 al art\u00edculo tercero y los principios relevantes de equidad, inclusi\u00f3n y excelencia educativa.<\/p>\n<p style=\"font-weight: 400; text-align: justify;\">La Autorrealizaci\u00f3n, subray\u00f3, es una categor\u00eda que da sentido al humanismo educativo, bajo una perspectiva filos\u00f3fica que pone al centro de inter\u00e9s al ser humano y magnifica sus derechos humanos.\u00a0 Y pasa a ser el cuarto eje sustantivo, el eje actitudinal en el proceso formativo de la Aut\u00f3noma de Tlaxcala.<\/p>\n<p style=\"font-weight: 400; text-align: justify;\">M\u00e1s adelante, luego de hacer un recuento hist\u00f3rico de la concepci\u00f3n del humanismo, el Doctor Seraf\u00edn Ortiz mencion\u00f3 el humanismo integrador contempor\u00e1neo como marca de referencia de la Autorrealizaci\u00f3n, que se asume como un modelo pedag\u00f3gico.<\/p>\n<p style=\"font-weight: 400; text-align: justify;\">De igual forma, hizo referencia al humanismo \u00f3ntico-ontol\u00f3gico con su enfoque socioecon\u00f3mico y de sostenibilidad, ambos abarcan la satisfacci\u00f3n de necesidades de la mayor\u00eda de la poblaci\u00f3n, la atenuaci\u00f3n de violencia para poder vivir en paz y el respeto a la naturaleza.<\/p>\n<p style=\"font-weight: 400; text-align: justify;\">Adem\u00e1s, el Doctor Ortiz ponder\u00f3 los resultados significativos que aporta el Modelo Humanista Integrador basado en Capacidades en la formaci\u00f3n de los estudiantes, dejando constancia de una formaci\u00f3n acad\u00e9mica de vanguardia, con la pr\u00e1ctica de valores, que son un sello del\u00a0<em>homo universitatis<\/em>, y un enfoque republicano, al vincular la formaci\u00f3n humanista con las necesidades de la sociedad.<\/p>\n<p>&nbsp;<\/p>\n<p><img loading=\"lazy\" decoding=\"async\" class=\"alignnone size-full wp-image-28405\" src=\"https:\/\/labestiapolitica.com.mx\/wp-content\/uploads\/2024\/06\/U-NOVA-y-se-diferente.png\" alt=\"\" width=\"1000\" height=\"600\" srcset=\"https:\/\/labestiapolitica.com.mx\/wp-content\/uploads\/2024\/06\/U-NOVA-y-se-diferente.png 1000w, https:\/\/labestiapolitica.com.mx\/wp-content\/uploads\/2024\/06\/U-NOVA-y-se-diferente-300x180.png 300w, https:\/\/labestiapolitica.com.mx\/wp-content\/uploads\/2024\/06\/U-NOVA-y-se-diferente-768x461.png 768w\" sizes=\"auto, (max-width: 1000px) 100vw, 1000px\" \/><\/p>\n","protected":false},"excerpt":{"rendered":"<p>Fue invitado como ponente magistral en la Paz, Baja California El Doctor Seraf\u00edn Ortiz Ortiz, Rector de la Universidad Aut\u00f3noma de Tlaxcala (UATx), particip\u00f3 como ponente magistral en la inauguraci\u00f3n del\u00a0\ud835\udc17\ud835\udc17\ud835\udc17\ud835\udc08\ud835\udc15\u00a0\ud835\udc02\ud835\udc28\ud835\udc27\ud835\udc20\ud835\udc2b\ud835\udc1e\ud835\udc2c\ud835\udc28\u00a0\ud835\udc0d\ud835\udc1a\ud835\udc1c\ud835\udc22\ud835\udc28\ud835\udc27\ud835\udc1a\ud835\udc25\u00a0\ud835\udc1d\ud835\udc1e\u00a0\ud835\udc25\ud835\udc1a\u00a0\ud835\udc00\ud835\udc2c\ud835\udc28\ud835\udc1c\ud835\udc22\ud835\udc1a\ud835\udc1c\ud835\udc22\ud835\udc28\u0301\ud835\udc27\u00a0\ud835\udc0d\ud835\udc1a\ud835\udc1c\ud835\udc22\ud835\udc28\ud835\udc27\ud835\udc1a\ud835\udc25\u00a0\ud835\udc1d\ud835\udc1e\u00a0\ud835\udc05\ud835\udc1a\ud835\udc1c\ud835\udc2e\ud835\udc25\ud835\udc2d\ud835\udc1a\ud835\udc1d\ud835\udc1e\ud835\udc2c\u00a0\ud835\udc1d\ud835\udc1e\u00a0\ud835\udc03\ud835\udc1e\ud835\udc2b\ud835\udc1e\ud835\udc1c\ud835\udc21\ud835\udc28\u00a0(ANFADE), con la conferencia\u00a0\ud835\udc04\ud835\udc25\u00a0\ud835\udc07\ud835\udc2e\ud835\udc26\ud835\udc1a\ud835\udc27\ud835\udc22\ud835\udc2c\ud835\udc26\ud835\udc28\u00a0\ud835\udc04\ud835\udc1d\ud835\udc2e\ud835\udc1c\ud835\udc1a\ud835\udc2d\ud835\udc22\ud835\udc2f\ud835\udc28:\u00a0\ud835\udc14\ud835\udc27\u00a0\ud835\udc0c\ud835\udc28\ud835\udc1d\ud835\udc1e\ud835\udc25\ud835\udc28\u00a0\ud835\udc15\ud835\udc1a\ud835\udc25\ud835\udc28\ud835\udc2b\ud835\udc1a\ud835\udc2d\ud835\udc22\ud835\udc2f\ud835\udc28\u00a0\ud835\udc29\ud835\udc1a\ud835\udc2b\ud835\udc1a\u00a0\ud835\udc25\ud835\udc1a\u00a0\ud835\udc04\ud835\udc1d\ud835\udc2e\ud835\udc1c\ud835\udc1a\ud835\udc1c\ud835\udc22\ud835\udc28\u0301\ud835\udc27\u00a0\ud835\udc12\ud835\udc2e\ud835\udc29\ud835\udc1e\ud835\udc2b\ud835\udc22\ud835\udc28\ud835\udc2b. Le acompa\u00f1aron el Doctor M\u00e1ximo Carvajal Contreras, Presidente de ANFADE; el Doctor Jos\u00e9 Rodolfo Ch\u00e1vez De Los R\u00edos, Secretario General, y [&hellip;]<\/p>\n","protected":false},"author":3,"featured_media":42680,"comment_status":"open","ping_status":"open","sticky":false,"template":"","format":"standard","meta":{"footnotes":""},"categories":[7,241],"tags":[],"class_list":["post-42679","post","type-post","status-publish","format-standard","has-post-thumbnail","hentry","category-ciudadanos","category-uatx"],"amp_enabled":true,"_links":{"self":[{"href":"https:\/\/labestiapolitica.com.mx\/index.php?rest_route=\/wp\/v2\/posts\/42679","targetHints":{"allow":["GET"]}}],"collection":[{"href":"https:\/\/labestiapolitica.com.mx\/index.php?rest_route=\/wp\/v2\/posts"}],"about":[{"href":"https:\/\/labestiapolitica.com.mx\/index.php?rest_route=\/wp\/v2\/types\/post"}],"author":[{"embeddable":true,"href":"https:\/\/labestiapolitica.com.mx\/index.php?rest_route=\/wp\/v2\/users\/3"}],"replies":[{"embeddable":true,"href":"https:\/\/labestiapolitica.com.mx\/index.php?rest_route=%2Fwp%2Fv2%2Fcomments&post=42679"}],"version-history":[{"count":1,"href":"https:\/\/labestiapolitica.com.mx\/index.php?rest_route=\/wp\/v2\/posts\/42679\/revisions"}],"predecessor-version":[{"id":42681,"href":"https:\/\/labestiapolitica.com.mx\/index.php?rest_route=\/wp\/v2\/posts\/42679\/revisions\/42681"}],"wp:featuredmedia":[{"embeddable":true,"href":"https:\/\/labestiapolitica.com.mx\/index.php?rest_route=\/wp\/v2\/media\/42680"}],"wp:attachment":[{"href":"https:\/\/labestiapolitica.com.mx\/index.php?rest_route=%2Fwp%2Fv2%2Fmedia&parent=42679"}],"wp:term":[{"taxonomy":"category","embeddable":true,"href":"https:\/\/labestiapolitica.com.mx\/index.php?rest_route=%2Fwp%2Fv2%2Fcategories&post=42679"},{"taxonomy":"post_tag","embeddable":true,"href":"https:\/\/labestiapolitica.com.mx\/index.php?rest_route=%2Fwp%2Fv2%2Ftags&post=42679"}],"curies":[{"name":"wp","href":"https:\/\/api.w.org\/{rel}","templated":true}]}}