{"id":42686,"date":"2025-05-30T19:47:11","date_gmt":"2025-05-31T01:47:11","guid":{"rendered":"https:\/\/labestiapolitica.com.mx\/?p=42686"},"modified":"2025-05-30T19:47:11","modified_gmt":"2025-05-31T01:47:11","slug":"jovenes-del-cest-participan-en-casting-para-producir-programas-en-radio-frecuencia-juvenil-zacatelco","status":"publish","type":"post","link":"https:\/\/labestiapolitica.com.mx\/?p=42686","title":{"rendered":"J\u00f3venes del CEST participan en casting para producir programas en \u201cRadio Frecuencia Juvenil Zacatelco\u201d."},"content":{"rendered":"<p style=\"text-align: justify;\">Desde las instalaciones del Centro de Estudios Superiores de Tlaxcala (CEST), ubicadas en la comunidad de Guardia, el Gobierno Municipal de Zacatelco 2024\u20132027, a trav\u00e9s del Instituto Municipal de la Juventud (IMJUVE), realiz\u00f3 con \u00e9xito un casting de radio dirigido a j\u00f3venes estudiantes con inter\u00e9s en incursionar en el \u00e1mbito de la comunicaci\u00f3n.<\/p>\n<p style=\"text-align: justify;\">Durante la jornada participaron diez j\u00f3venes entusiastas que mediante una breve demostraci\u00f3n, presentaron sus propuestas para la creaci\u00f3n de programas con tem\u00e1ticas sociales, culturales, deportivas y musicales. Los seleccionados tendr\u00e1n la oportunidad de producir y conducir su propio espacio dentro de la emisora juvenil del municipio: \u201cRadio Frecuencia Juvenil Zacatelco\u201d.<\/p>\n<p style=\"text-align: justify;\">\u201cCon este espacio buscamos fomentar el inter\u00e9s de la juventud por la radio, y motivarlos a iniciar proyectos que aborden temas de relevancia social y juvenil. Queremos que las nuevas generaciones encuentren en este medio una plataforma para expresarse y ser escuchadas\u201d, se\u00f1al\u00f3 el director del IMJUVE Fidel Cruz Torres.<\/p>\n<p style=\"text-align: justify;\">Por su parte, Josu\u00e9 Her\u00f3n L\u00f3pez director acad\u00e9mico del CEST, destac\u00f3 el valor del proyecto como una herramienta formativa para los estudiantes: \u201cEste pr\u00f3ximo 5 de junio daremos inicio formal a los programas de radio. Ser\u00e1 una oportunidad para que nuestros estudiantes expresen sus ideas, desarrollen su creatividad y fortalezcan sus habilidades en el \u00e1rea de la comunicaci\u00f3n, gracias al respaldo y cercan\u00eda del Gobierno Municipal, encabezado por el presidente Jos\u00e9 Miguel Acatzi Luna\u201d.<\/p>\n<p style=\"text-align: justify;\">Los j\u00f3venes seleccionados recibir\u00e1n capacitaci\u00f3n continua y contar\u00e1n con el acompa\u00f1amiento necesario para desarrollar sus habilidades comunicativas en la cabina de radio del Ayuntamiento, que funcionar\u00e1 como un espacio de aprendizaje, producci\u00f3n y libre expresi\u00f3n juvenil.<\/p>\n<p>&nbsp;<\/p>\n<p><img loading=\"lazy\" decoding=\"async\" class=\"alignnone size-full wp-image-28405\" src=\"https:\/\/labestiapolitica.com.mx\/wp-content\/uploads\/2024\/06\/U-NOVA-y-se-diferente.png\" alt=\"\" width=\"1000\" height=\"600\" srcset=\"https:\/\/labestiapolitica.com.mx\/wp-content\/uploads\/2024\/06\/U-NOVA-y-se-diferente.png 1000w, https:\/\/labestiapolitica.com.mx\/wp-content\/uploads\/2024\/06\/U-NOVA-y-se-diferente-300x180.png 300w, https:\/\/labestiapolitica.com.mx\/wp-content\/uploads\/2024\/06\/U-NOVA-y-se-diferente-768x461.png 768w\" sizes=\"auto, (max-width: 1000px) 100vw, 1000px\" \/><\/p>\n","protected":false},"excerpt":{"rendered":"<p>Desde las instalaciones del Centro de Estudios Superiores de Tlaxcala (CEST), ubicadas en la comunidad de Guardia, el Gobierno Municipal de Zacatelco 2024\u20132027, a trav\u00e9s del Instituto Municipal de la Juventud (IMJUVE), realiz\u00f3 con \u00e9xito un casting de radio dirigido a j\u00f3venes estudiantes con inter\u00e9s en incursionar en el \u00e1mbito de la comunicaci\u00f3n. Durante la [&hellip;]<\/p>\n","protected":false},"author":3,"featured_media":42687,"comment_status":"open","ping_status":"open","sticky":false,"template":"","format":"standard","meta":{"footnotes":""},"categories":[7,216,217],"tags":[],"class_list":["post-42686","post","type-post","status-publish","format-standard","has-post-thumbnail","hentry","category-ciudadanos","category-municipios","category-zacatelco"],"amp_enabled":true,"_links":{"self":[{"href":"https:\/\/labestiapolitica.com.mx\/index.php?rest_route=\/wp\/v2\/posts\/42686","targetHints":{"allow":["GET"]}}],"collection":[{"href":"https:\/\/labestiapolitica.com.mx\/index.php?rest_route=\/wp\/v2\/posts"}],"about":[{"href":"https:\/\/labestiapolitica.com.mx\/index.php?rest_route=\/wp\/v2\/types\/post"}],"author":[{"embeddable":true,"href":"https:\/\/labestiapolitica.com.mx\/index.php?rest_route=\/wp\/v2\/users\/3"}],"replies":[{"embeddable":true,"href":"https:\/\/labestiapolitica.com.mx\/index.php?rest_route=%2Fwp%2Fv2%2Fcomments&post=42686"}],"version-history":[{"count":1,"href":"https:\/\/labestiapolitica.com.mx\/index.php?rest_route=\/wp\/v2\/posts\/42686\/revisions"}],"predecessor-version":[{"id":42692,"href":"https:\/\/labestiapolitica.com.mx\/index.php?rest_route=\/wp\/v2\/posts\/42686\/revisions\/42692"}],"wp:featuredmedia":[{"embeddable":true,"href":"https:\/\/labestiapolitica.com.mx\/index.php?rest_route=\/wp\/v2\/media\/42687"}],"wp:attachment":[{"href":"https:\/\/labestiapolitica.com.mx\/index.php?rest_route=%2Fwp%2Fv2%2Fmedia&parent=42686"}],"wp:term":[{"taxonomy":"category","embeddable":true,"href":"https:\/\/labestiapolitica.com.mx\/index.php?rest_route=%2Fwp%2Fv2%2Fcategories&post=42686"},{"taxonomy":"post_tag","embeddable":true,"href":"https:\/\/labestiapolitica.com.mx\/index.php?rest_route=%2Fwp%2Fv2%2Ftags&post=42686"}],"curies":[{"name":"wp","href":"https:\/\/api.w.org\/{rel}","templated":true}]}}