{"id":42694,"date":"2025-05-30T19:52:12","date_gmt":"2025-05-31T01:52:12","guid":{"rendered":"https:\/\/labestiapolitica.com.mx\/?p=42694"},"modified":"2025-05-30T19:52:12","modified_gmt":"2025-05-31T01:52:12","slug":"zacatelco-abre-convocatoria-para-tramitar-la-credencial-nacional-para-personas-con-discapacidad","status":"publish","type":"post","link":"https:\/\/labestiapolitica.com.mx\/?p=42694","title":{"rendered":"Zacatelco abre convocatoria para tramitar la Credencial Nacional para Personas con Discapacidad."},"content":{"rendered":"<p style=\"text-align: justify;\">El Gobierno Municipal de Zacatelco, a trav\u00e9s del Instituto Municipal de Atenci\u00f3n a Personas con Discapacidad, ha anunciado la apertura del tr\u00e1mite para la Credencial Nacional para Personas con Discapacidad, documento oficial que brinda una amplia gama de beneficios destinados a mejorar la calidad de vida de este sector de la poblaci\u00f3n.<\/p>\n<p style=\"text-align: justify;\">Este esfuerzo se realiza en colaboraci\u00f3n con el Sistema Estatal para el Desarrollo Integral de la Familia (SEDIF), como parte del compromiso del municipio para garantizar el acceso a derechos y servicios que fortalezcan la inclusi\u00f3n social. Desde su creaci\u00f3n, el Instituto ha trabajado para acercar apoyos reales a las personas con discapacidad, y la credencial representa un paso fundamental en esa labor.<\/p>\n<p style=\"text-align: justify;\">La credencial ofrece descuentos significativos en \u00e1reas clave como transporte p\u00fablico, servicios b\u00e1sicos y espacios de entretenimiento. Algunos de los beneficios m\u00e1s destacados incluyen:<\/p>\n<p style=\"text-align: justify;\">\u2022 Reducciones del 10% al 50% en el pago de predial y agua potable.<br \/>\n\u2022 Descuentos en el transporte p\u00fablico y ATAH.<br \/>\n\u2022 50% de descuento en el tr\u00e1mite del pasaporte.<br \/>\n\u2022 Beneficios en plazas comerciales, cines, restaurantes, museos, entre otros.<br \/>\n\u2022 Descuento en el tr\u00e1mite de placas vehiculares.<\/p>\n<p style=\"text-align: justify;\">El tr\u00e1mite podr\u00e1 realizarse de forma gratuita durante todo el mes de junio en la Casa de Piedra, ubicada en Av. \u00c1lvarez del Campo No. 14, Secci\u00f3n Segunda, en un horario de lunes a viernes de 9:00 a.m. a 4:00 p.m.. La atenci\u00f3n est\u00e1 a cargo del titular del Instituto Josu\u00e9 M\u00e9ndez, quien detall\u00f3 los requisitos necesarios para obtener la credencial, la documentaci\u00f3n requerida es:<\/p>\n<p style=\"text-align: justify;\">\u2022 Certificado m\u00e9dico actualizado (2025), expedido por la UBR, que indique el tipo de discapacidad permanente. Debe incluir c\u00e9dula profesional y sello del m\u00e9dico.<br \/>\n\u2022 Una fotograf\u00eda reciente tama\u00f1o infantil a color.<br \/>\n\u2022 Copia del INE.<br \/>\n\u2022 Copia del CURP en formato reciente.<br \/>\n\u2022 Copia del acta de nacimiento.<br \/>\n\u2022 Comprobante de domicilio actual, coincidente con la direcci\u00f3n del INE.<br \/>\n\u2022 En caso de ser menor de edad: INE del padre o tutor.<\/p>\n<p style=\"text-align: justify;\">Este esfuerzo busca reconocer y garantizar los derechos de las personas con discapacidad, facilitando su inclusi\u00f3n y participaci\u00f3n plena en la vida social, econ\u00f3mica y cultural del municipio. El Gobierno Municipal reitera su compromiso de continuar implementando acciones que promuevan el bienestar de todos los sectores de la poblaci\u00f3n.<\/p>\n<p>&nbsp;<\/p>\n<p><img loading=\"lazy\" decoding=\"async\" class=\"alignnone size-full wp-image-28405\" src=\"https:\/\/labestiapolitica.com.mx\/wp-content\/uploads\/2024\/06\/U-NOVA-y-se-diferente.png\" alt=\"\" width=\"1000\" height=\"600\" srcset=\"https:\/\/labestiapolitica.com.mx\/wp-content\/uploads\/2024\/06\/U-NOVA-y-se-diferente.png 1000w, https:\/\/labestiapolitica.com.mx\/wp-content\/uploads\/2024\/06\/U-NOVA-y-se-diferente-300x180.png 300w, https:\/\/labestiapolitica.com.mx\/wp-content\/uploads\/2024\/06\/U-NOVA-y-se-diferente-768x461.png 768w\" sizes=\"auto, (max-width: 1000px) 100vw, 1000px\" \/><\/p>\n","protected":false},"excerpt":{"rendered":"<p>El Gobierno Municipal de Zacatelco, a trav\u00e9s del Instituto Municipal de Atenci\u00f3n a Personas con Discapacidad, ha anunciado la apertura del tr\u00e1mite para la Credencial Nacional para Personas con Discapacidad, documento oficial que brinda una amplia gama de beneficios destinados a mejorar la calidad de vida de este sector de la poblaci\u00f3n. Este esfuerzo se [&hellip;]<\/p>\n","protected":false},"author":3,"featured_media":42697,"comment_status":"open","ping_status":"open","sticky":false,"template":"","format":"standard","meta":{"footnotes":""},"categories":[7,216,217],"tags":[],"class_list":["post-42694","post","type-post","status-publish","format-standard","has-post-thumbnail","hentry","category-ciudadanos","category-municipios","category-zacatelco"],"amp_enabled":true,"_links":{"self":[{"href":"https:\/\/labestiapolitica.com.mx\/index.php?rest_route=\/wp\/v2\/posts\/42694","targetHints":{"allow":["GET"]}}],"collection":[{"href":"https:\/\/labestiapolitica.com.mx\/index.php?rest_route=\/wp\/v2\/posts"}],"about":[{"href":"https:\/\/labestiapolitica.com.mx\/index.php?rest_route=\/wp\/v2\/types\/post"}],"author":[{"embeddable":true,"href":"https:\/\/labestiapolitica.com.mx\/index.php?rest_route=\/wp\/v2\/users\/3"}],"replies":[{"embeddable":true,"href":"https:\/\/labestiapolitica.com.mx\/index.php?rest_route=%2Fwp%2Fv2%2Fcomments&post=42694"}],"version-history":[{"count":1,"href":"https:\/\/labestiapolitica.com.mx\/index.php?rest_route=\/wp\/v2\/posts\/42694\/revisions"}],"predecessor-version":[{"id":42699,"href":"https:\/\/labestiapolitica.com.mx\/index.php?rest_route=\/wp\/v2\/posts\/42694\/revisions\/42699"}],"wp:featuredmedia":[{"embeddable":true,"href":"https:\/\/labestiapolitica.com.mx\/index.php?rest_route=\/wp\/v2\/media\/42697"}],"wp:attachment":[{"href":"https:\/\/labestiapolitica.com.mx\/index.php?rest_route=%2Fwp%2Fv2%2Fmedia&parent=42694"}],"wp:term":[{"taxonomy":"category","embeddable":true,"href":"https:\/\/labestiapolitica.com.mx\/index.php?rest_route=%2Fwp%2Fv2%2Fcategories&post=42694"},{"taxonomy":"post_tag","embeddable":true,"href":"https:\/\/labestiapolitica.com.mx\/index.php?rest_route=%2Fwp%2Fv2%2Ftags&post=42694"}],"curies":[{"name":"wp","href":"https:\/\/api.w.org\/{rel}","templated":true}]}}