{"id":42948,"date":"2025-06-04T14:40:07","date_gmt":"2025-06-04T20:40:07","guid":{"rendered":"https:\/\/labestiapolitica.com.mx\/?p=42948"},"modified":"2025-06-04T14:40:07","modified_gmt":"2025-06-04T20:40:07","slug":"estudiantes-de-gerontologia-social-integran-proyectos-de-intervencion-para-un-envejecimiento-activo","status":"publish","type":"post","link":"https:\/\/labestiapolitica.com.mx\/?p=42948","title":{"rendered":"Estudiantes de Gerontolog\u00eda Social integran proyectos de intervenci\u00f3n para un envejecimiento activo."},"content":{"rendered":"<p style=\"font-weight: 400; text-align: justify;\">Estudiantes de la Licenciatura en Gerontolog\u00eda Social de la Universidad Aut\u00f3noma de Tlaxcala (UATx) expusieron el proceso de identificaci\u00f3n de necesidades y problem\u00e1ticas que enfrentan las personas mayores as\u00ed como el dise\u00f1o de estrategias de atenci\u00f3n y la implementaci\u00f3n de actividades centradas en su bienestar.\u00a0 En s\u00ed, hablaron de sus pr\u00e1cticas comunitarias, centradas en la promoci\u00f3n del envejecimiento activo y la integraci\u00f3n intergeneracional, pilares fundamentales del bienestar y de su formaci\u00f3n profesional.<\/p>\n<p style=\"font-weight: 400; text-align: justify;\">Durante la clausura de actividades del programa\u00a0\ud835\udc0b\ud835\udc1a\u00a0\ud835\udc14\ud835\udc27\ud835\udc22\ud835\udc2f\ud835\udc1e\ud835\udc2b\ud835\udc2c\ud835\udc22\ud835\udc1d\ud835\udc1a\ud835\udc1d\u00a0\ud835\udc29\ud835\udc1a\ud835\udc2b\ud835\udc1a\/\ud835\udc1c\ud835\udc28\ud835\udc27\u00a0\ud835\udc0f\ud835\udc1e\ud835\udc2b\ud835\udc2c\ud835\udc28\ud835\udc27\ud835\udc1a\ud835\udc2c\u00a0\ud835\udc0c\ud835\udc1a\ud835\udc32\ud835\udc28\ud835\udc2b\ud835\udc1e\ud835\udc2c\u00a0que organiz\u00f3 la Facultad de Ciencias para el Desarrollo Humano, tambi\u00e9n tuvo lugar la Presentaci\u00f3n de proyectos de intervenci\u00f3n gerontol\u00f3gica: Experiencias desde la praxis profesional, con estudiantes de segundo, cuarto y sexto semestres, quienes compartieron las experiencias obtenidas en su desempe\u00f1o en el Seminario de Integraci\u00f3n de la Praxis Profesional.<\/p>\n<p style=\"font-weight: 400; text-align: justify;\">Asimismo, mostrando un gran compromiso con su aprendizaje, personas adultas mayores tambi\u00e9n contribuyeron con la exposici\u00f3n de los talleres: Las emociones encarnadas en el proceso de envejecimiento \u2013 mapeo corporal, Ajedrez: inteligencia en movimiento y Resiliencia emocional en la mejor etapa de la vida.<\/p>\n<p style=\"font-weight: 400; text-align: justify;\">Por su parte, los estudiantes de la Facultad de Ciencias para el Desarrollo Humano compartieron proyectos enfocados en problem\u00e1ticas relacionadas con el cuidado y la atenci\u00f3n de personas mayores como Mueve tu cuerpo y conecta tu mente, Proyecto de desarrollo comunitario \u201cLa vida es la felicidad\u201d, Cuidar y acompa\u00f1ar al envejecimiento y Econom\u00eda y conocimiento en la vejez, entre otros.<\/p>\n<p style=\"font-weight: 400; text-align: justify;\">Con este tipo de actividades, la Universidad Aut\u00f3noma de Tlaxcala reafirma su compromiso con la atenci\u00f3n e inclusi\u00f3n de las personas adultas mayores, al tiempo que fortalece la formaci\u00f3n acad\u00e9mica de las y los futuros geront\u00f3logos.<\/p>\n<p style=\"font-weight: 400; text-align: justify;\">La actividad consisti\u00f3 en la presentaci\u00f3n formal de los proyectos de intervenci\u00f3n gerontol\u00f3gica elaborados en diversos contextos, como casas de d\u00eda, centros comunitarios y espacios institucionales. Las exposiciones promovieron el an\u00e1lisis cr\u00edtico, la retroalimentaci\u00f3n acad\u00e9mica y la reflexi\u00f3n \u00e9tica sobre el papel del geront\u00f3logo social en el contexto local.<\/p>\n<p style=\"font-weight: 400; text-align: justify;\">Los estudiantes de la Licenciatura de Gerontolog\u00eda Social tambi\u00e9n se refirieron a la evaluaci\u00f3n de resultados y aprendizajes obtenidos. Asistieron el Maestro Ra\u00fal Jim\u00e9nez Guill\u00e9n, Coordinador del Programa Universidad para\/con Adultos Mayores; la Maestra Susana Corona Ordaz, Coordinadora de la Licenciatura en Gerontolog\u00eda Social; estudiantes y docentes de la Facultad de Ciencias para el Desarrollo Humano.<\/p>\n<p>&nbsp;<\/p>\n<p><img loading=\"lazy\" decoding=\"async\" class=\"alignnone wp-image-28405 size-full\" src=\"https:\/\/labestiapolitica.com.mx\/wp-content\/uploads\/2024\/06\/U-NOVA-y-se-diferente.png\" alt=\"\" width=\"1000\" height=\"600\" srcset=\"https:\/\/labestiapolitica.com.mx\/wp-content\/uploads\/2024\/06\/U-NOVA-y-se-diferente.png 1000w, https:\/\/labestiapolitica.com.mx\/wp-content\/uploads\/2024\/06\/U-NOVA-y-se-diferente-300x180.png 300w, https:\/\/labestiapolitica.com.mx\/wp-content\/uploads\/2024\/06\/U-NOVA-y-se-diferente-768x461.png 768w\" sizes=\"auto, (max-width: 1000px) 100vw, 1000px\" \/><\/p>\n","protected":false},"excerpt":{"rendered":"<p>Estudiantes de la Licenciatura en Gerontolog\u00eda Social de la Universidad Aut\u00f3noma de Tlaxcala (UATx) expusieron el proceso de identificaci\u00f3n de necesidades y problem\u00e1ticas que enfrentan las personas mayores as\u00ed como el dise\u00f1o de estrategias de atenci\u00f3n y la implementaci\u00f3n de actividades centradas en su bienestar.\u00a0 En s\u00ed, hablaron de sus pr\u00e1cticas comunitarias, centradas en la [&hellip;]<\/p>\n","protected":false},"author":5,"featured_media":42949,"comment_status":"open","ping_status":"open","sticky":false,"template":"","format":"standard","meta":{"footnotes":""},"categories":[7,241],"tags":[],"class_list":["post-42948","post","type-post","status-publish","format-standard","has-post-thumbnail","hentry","category-ciudadanos","category-uatx"],"amp_enabled":true,"_links":{"self":[{"href":"https:\/\/labestiapolitica.com.mx\/index.php?rest_route=\/wp\/v2\/posts\/42948","targetHints":{"allow":["GET"]}}],"collection":[{"href":"https:\/\/labestiapolitica.com.mx\/index.php?rest_route=\/wp\/v2\/posts"}],"about":[{"href":"https:\/\/labestiapolitica.com.mx\/index.php?rest_route=\/wp\/v2\/types\/post"}],"author":[{"embeddable":true,"href":"https:\/\/labestiapolitica.com.mx\/index.php?rest_route=\/wp\/v2\/users\/5"}],"replies":[{"embeddable":true,"href":"https:\/\/labestiapolitica.com.mx\/index.php?rest_route=%2Fwp%2Fv2%2Fcomments&post=42948"}],"version-history":[{"count":1,"href":"https:\/\/labestiapolitica.com.mx\/index.php?rest_route=\/wp\/v2\/posts\/42948\/revisions"}],"predecessor-version":[{"id":42950,"href":"https:\/\/labestiapolitica.com.mx\/index.php?rest_route=\/wp\/v2\/posts\/42948\/revisions\/42950"}],"wp:featuredmedia":[{"embeddable":true,"href":"https:\/\/labestiapolitica.com.mx\/index.php?rest_route=\/wp\/v2\/media\/42949"}],"wp:attachment":[{"href":"https:\/\/labestiapolitica.com.mx\/index.php?rest_route=%2Fwp%2Fv2%2Fmedia&parent=42948"}],"wp:term":[{"taxonomy":"category","embeddable":true,"href":"https:\/\/labestiapolitica.com.mx\/index.php?rest_route=%2Fwp%2Fv2%2Fcategories&post=42948"},{"taxonomy":"post_tag","embeddable":true,"href":"https:\/\/labestiapolitica.com.mx\/index.php?rest_route=%2Fwp%2Fv2%2Ftags&post=42948"}],"curies":[{"name":"wp","href":"https:\/\/api.w.org\/{rel}","templated":true}]}}