{"id":42960,"date":"2025-06-04T15:04:53","date_gmt":"2025-06-04T21:04:53","guid":{"rendered":"https:\/\/labestiapolitica.com.mx\/?p=42960"},"modified":"2025-06-04T15:04:53","modified_gmt":"2025-06-04T21:04:53","slug":"primera-feria-del-empleo-de-zacatelco-ofertara-vacantes-a-jovenes","status":"publish","type":"post","link":"https:\/\/labestiapolitica.com.mx\/?p=42960","title":{"rendered":"Primera \u00abFeria del Empleo\u00bb de Zacatelco ofertar\u00e1 vacantes a j\u00f3venes."},"content":{"rendered":"<p style=\"text-align: justify;\">Con el prop\u00f3sito de ofrecer un servicio gratuito de vinculaci\u00f3n directa entre empresas en b\u00fasqueda de personal y quienes buscan empleo, el Gobierno de Zacatelco 2024-2027 a trav\u00e9s del Instituto Municipal de la Juventud (IMJUVE), en colaboraci\u00f3n con el Instituto Tlaxcalteca de la Juventud (ITJ), el Servicio Nacional del Empleo (SNE) y la Secretar\u00eda del Trabajo y Competitividad (STyC), llevar\u00e1 a cabo la Primera Feria del Empleo de Zacatelco.<\/p>\n<p style=\"text-align: justify;\">El director del IMJUVE Fidel Cruz, destac\u00f3: \u201cNuestro objetivo es que los j\u00f3venes tengan acceso a oportunidades laborales en empresas de los sectores municipal, estatal y federal. Queremos que estas organizaciones reconozcan y aprovechen el talento que necesitan para el desarrollo de un trabajo formal y eficaz\u201d.<\/p>\n<p style=\"text-align: justify;\">Se prev\u00e9 la participaci\u00f3n de m\u00e1s de 20 empresas privadas de diversas \u00e1reas, donde j\u00f3venes y el p\u00fablico en general podr\u00e1n encontrar vacantes que contribuyan a elevar la calidad de vida de la poblaci\u00f3n.<\/p>\n<p style=\"text-align: justify;\">La feria se llevar\u00e1 a cabo el pr\u00f3ximo lunes 9 de junio, a partir de las 9:00 a.m., con la instalaci\u00f3n de stands que contar\u00e1n con la participaci\u00f3n de empresas de diferentes niveles gubernamentales, con la meta de reclutar a m\u00e1s de 200 j\u00f3venes.<\/p>\n<p style=\"text-align: justify;\">La Feria Nacional del Empleo para las Juventudes 2025 busca crear espacios dignos donde se considere a los j\u00f3venes, tanto a aquellos que est\u00e1n finalizando sus estudios y desean ingresar al mundo laboral, como a quienes est\u00e1n iniciando su trayectoria profesional.<\/p>\n<p style=\"text-align: justify;\">Este evento representa un paso significativo hacia la reinserci\u00f3n laboral, en el marco de los convenios y l\u00edneas de comunicaci\u00f3n establecidos por la administraci\u00f3n del presidente Jos\u00e9 Miguel Acatzi Luna, con el objetivo de facilitar el acceso al empleo en nuestro municipio.<\/p>\n<p>&nbsp;<\/p>\n<p><img loading=\"lazy\" decoding=\"async\" class=\"alignnone wp-image-28405 size-full\" src=\"https:\/\/labestiapolitica.com.mx\/wp-content\/uploads\/2024\/06\/U-NOVA-y-se-diferente.png\" alt=\"\" width=\"1000\" height=\"600\" srcset=\"https:\/\/labestiapolitica.com.mx\/wp-content\/uploads\/2024\/06\/U-NOVA-y-se-diferente.png 1000w, https:\/\/labestiapolitica.com.mx\/wp-content\/uploads\/2024\/06\/U-NOVA-y-se-diferente-300x180.png 300w, https:\/\/labestiapolitica.com.mx\/wp-content\/uploads\/2024\/06\/U-NOVA-y-se-diferente-768x461.png 768w\" sizes=\"auto, (max-width: 1000px) 100vw, 1000px\" \/><\/p>\n","protected":false},"excerpt":{"rendered":"<p>Con el prop\u00f3sito de ofrecer un servicio gratuito de vinculaci\u00f3n directa entre empresas en b\u00fasqueda de personal y quienes buscan empleo, el Gobierno de Zacatelco 2024-2027 a trav\u00e9s del Instituto Municipal de la Juventud (IMJUVE), en colaboraci\u00f3n con el Instituto Tlaxcalteca de la Juventud (ITJ), el Servicio Nacional del Empleo (SNE) y la Secretar\u00eda del [&hellip;]<\/p>\n","protected":false},"author":5,"featured_media":42961,"comment_status":"open","ping_status":"open","sticky":false,"template":"","format":"standard","meta":{"footnotes":""},"categories":[7,216,217],"tags":[],"class_list":["post-42960","post","type-post","status-publish","format-standard","has-post-thumbnail","hentry","category-ciudadanos","category-municipios","category-zacatelco"],"amp_enabled":true,"_links":{"self":[{"href":"https:\/\/labestiapolitica.com.mx\/index.php?rest_route=\/wp\/v2\/posts\/42960","targetHints":{"allow":["GET"]}}],"collection":[{"href":"https:\/\/labestiapolitica.com.mx\/index.php?rest_route=\/wp\/v2\/posts"}],"about":[{"href":"https:\/\/labestiapolitica.com.mx\/index.php?rest_route=\/wp\/v2\/types\/post"}],"author":[{"embeddable":true,"href":"https:\/\/labestiapolitica.com.mx\/index.php?rest_route=\/wp\/v2\/users\/5"}],"replies":[{"embeddable":true,"href":"https:\/\/labestiapolitica.com.mx\/index.php?rest_route=%2Fwp%2Fv2%2Fcomments&post=42960"}],"version-history":[{"count":1,"href":"https:\/\/labestiapolitica.com.mx\/index.php?rest_route=\/wp\/v2\/posts\/42960\/revisions"}],"predecessor-version":[{"id":42962,"href":"https:\/\/labestiapolitica.com.mx\/index.php?rest_route=\/wp\/v2\/posts\/42960\/revisions\/42962"}],"wp:featuredmedia":[{"embeddable":true,"href":"https:\/\/labestiapolitica.com.mx\/index.php?rest_route=\/wp\/v2\/media\/42961"}],"wp:attachment":[{"href":"https:\/\/labestiapolitica.com.mx\/index.php?rest_route=%2Fwp%2Fv2%2Fmedia&parent=42960"}],"wp:term":[{"taxonomy":"category","embeddable":true,"href":"https:\/\/labestiapolitica.com.mx\/index.php?rest_route=%2Fwp%2Fv2%2Fcategories&post=42960"},{"taxonomy":"post_tag","embeddable":true,"href":"https:\/\/labestiapolitica.com.mx\/index.php?rest_route=%2Fwp%2Fv2%2Ftags&post=42960"}],"curies":[{"name":"wp","href":"https:\/\/api.w.org\/{rel}","templated":true}]}}