{"id":42963,"date":"2025-06-04T15:14:15","date_gmt":"2025-06-04T21:14:15","guid":{"rendered":"https:\/\/labestiapolitica.com.mx\/?p=42963"},"modified":"2025-06-04T15:14:15","modified_gmt":"2025-06-04T21:14:15","slug":"el-ayuntamiento-de-tlaxcala-intensifica-labores-de-bacheo-en-principales-vialidades-de-la-capital","status":"publish","type":"post","link":"https:\/\/labestiapolitica.com.mx\/?p=42963","title":{"rendered":"El Ayuntamiento de Tlaxcala intensifica labores de bacheo en principales vialidades de la capital."},"content":{"rendered":"<p style=\"text-align: justify;\">Ante las afectaciones que han presentado las principales vialidades de la capital, a causa de las recientes lluvias, el Ayuntamiento de Tlaxcala, a trav\u00e9s de la Direcci\u00f3n de Obras P\u00fablicas, ha puesto en marcha una jornada intensiva de bacheo para mejorar las condiciones de circulaci\u00f3n y seguridad vial.<\/p>\n<p style=\"text-align: justify;\">Siguiendo las instrucciones del Presidente Municipal Alfonso S\u00e1nchez, la de atender las v\u00edas prioritarias, os trabajos iniciaron en el Boulevard Revoluci\u00f3n, a la altura de la comunidad de San Buenaventura Atempan, una de las zonas m\u00e1s transitadas del municipio.<\/p>\n<p style=\"text-align: justify;\">De manera simult\u00e1nea, se est\u00e1n atendiendo los puntos m\u00e1s cr\u00edticos de calles y avenidas de alta afluencia vehicular, priorizando aquellos que representan mayor riesgo para peatones y conductores.<\/p>\n<p style=\"text-align: justify;\">Como parte de este plan de acci\u00f3n, las brigadas de bacheo continuar\u00e1n sus labores sobre el Camino Real de Ixtulco, y posteriormente culminar\u00e1n en la Avenida Rivere\u00f1a, frente a las facultades de Odontolog\u00eda y Ciencias Econ\u00f3mico Administrativas de la Universidad Aut\u00f3noma de Tlaxcala (UATx), siempre y cuando las condiciones clim\u00e1ticas lo permitan.<\/p>\n<p style=\"text-align: justify;\">El Gobierno Municipal reafirma su compromiso de seguir trabajando para garantizar vialidades en mejores condiciones, y hace un llamado a la ciudadan\u00eda a tener precauci\u00f3n en las zonas donde se realizan estas labores. Agradecemos la comprensi\u00f3n de la poblaci\u00f3n ante las molestias temporales que estas obras pudieran ocasionar.<\/p>\n<p>&nbsp;<\/p>\n<p><img loading=\"lazy\" decoding=\"async\" class=\"alignnone wp-image-28405 size-full\" src=\"https:\/\/labestiapolitica.com.mx\/wp-content\/uploads\/2024\/06\/U-NOVA-y-se-diferente.png\" alt=\"\" width=\"1000\" height=\"600\" srcset=\"https:\/\/labestiapolitica.com.mx\/wp-content\/uploads\/2024\/06\/U-NOVA-y-se-diferente.png 1000w, https:\/\/labestiapolitica.com.mx\/wp-content\/uploads\/2024\/06\/U-NOVA-y-se-diferente-300x180.png 300w, https:\/\/labestiapolitica.com.mx\/wp-content\/uploads\/2024\/06\/U-NOVA-y-se-diferente-768x461.png 768w\" sizes=\"auto, (max-width: 1000px) 100vw, 1000px\" \/><\/p>\n","protected":false},"excerpt":{"rendered":"<p>Ante las afectaciones que han presentado las principales vialidades de la capital, a causa de las recientes lluvias, el Ayuntamiento de Tlaxcala, a trav\u00e9s de la Direcci\u00f3n de Obras P\u00fablicas, ha puesto en marcha una jornada intensiva de bacheo para mejorar las condiciones de circulaci\u00f3n y seguridad vial. Siguiendo las instrucciones del Presidente Municipal Alfonso [&hellip;]<\/p>\n","protected":false},"author":5,"featured_media":42964,"comment_status":"open","ping_status":"open","sticky":false,"template":"","format":"standard","meta":{"footnotes":""},"categories":[7,216,214],"tags":[],"class_list":["post-42963","post","type-post","status-publish","format-standard","has-post-thumbnail","hentry","category-ciudadanos","category-municipios","category-tlaxcala-capital"],"amp_enabled":true,"_links":{"self":[{"href":"https:\/\/labestiapolitica.com.mx\/index.php?rest_route=\/wp\/v2\/posts\/42963","targetHints":{"allow":["GET"]}}],"collection":[{"href":"https:\/\/labestiapolitica.com.mx\/index.php?rest_route=\/wp\/v2\/posts"}],"about":[{"href":"https:\/\/labestiapolitica.com.mx\/index.php?rest_route=\/wp\/v2\/types\/post"}],"author":[{"embeddable":true,"href":"https:\/\/labestiapolitica.com.mx\/index.php?rest_route=\/wp\/v2\/users\/5"}],"replies":[{"embeddable":true,"href":"https:\/\/labestiapolitica.com.mx\/index.php?rest_route=%2Fwp%2Fv2%2Fcomments&post=42963"}],"version-history":[{"count":1,"href":"https:\/\/labestiapolitica.com.mx\/index.php?rest_route=\/wp\/v2\/posts\/42963\/revisions"}],"predecessor-version":[{"id":42965,"href":"https:\/\/labestiapolitica.com.mx\/index.php?rest_route=\/wp\/v2\/posts\/42963\/revisions\/42965"}],"wp:featuredmedia":[{"embeddable":true,"href":"https:\/\/labestiapolitica.com.mx\/index.php?rest_route=\/wp\/v2\/media\/42964"}],"wp:attachment":[{"href":"https:\/\/labestiapolitica.com.mx\/index.php?rest_route=%2Fwp%2Fv2%2Fmedia&parent=42963"}],"wp:term":[{"taxonomy":"category","embeddable":true,"href":"https:\/\/labestiapolitica.com.mx\/index.php?rest_route=%2Fwp%2Fv2%2Fcategories&post=42963"},{"taxonomy":"post_tag","embeddable":true,"href":"https:\/\/labestiapolitica.com.mx\/index.php?rest_route=%2Fwp%2Fv2%2Ftags&post=42963"}],"curies":[{"name":"wp","href":"https:\/\/api.w.org\/{rel}","templated":true}]}}