{"id":42966,"date":"2025-06-04T15:18:32","date_gmt":"2025-06-04T21:18:32","guid":{"rendered":"https:\/\/labestiapolitica.com.mx\/?p=42966"},"modified":"2025-06-04T15:18:32","modified_gmt":"2025-06-04T21:18:32","slug":"javier-rivera-bonilla-encabeza-toma-de-protesta-del-consejo-consultivo-de-turismo-en-el-congreso-del-estado-de-tlaxcala","status":"publish","type":"post","link":"https:\/\/labestiapolitica.com.mx\/?p=42966","title":{"rendered":"Javier Rivera Bonilla encabeza toma de protesta del Consejo Consultivo de Turismo en el Congreso del Estado de Tlaxcala."},"content":{"rendered":"<p style=\"text-align: justify;\"><span style=\"font-weight: 400;\">En una muestra de colaboraci\u00f3n institucional y compromiso con el desarrollo tur\u00edstico de la regi\u00f3n, se llev\u00f3 a cabo la toma de protesta del Consejo Consultivo de Turismo del Gobierno Municipal de Apizaco, en una ceremonia realizada en el Patio Vitral del Congreso del Estado de Tlaxcala.<\/span><\/p>\n<p style=\"text-align: justify;\"><span style=\"font-weight: 400;\">El acto fue encabezado por el presidente municipal Javier Rivera Bonilla, quien estuvo acompa\u00f1ado por la diputada Soraya Noem\u00ed Bocardo Phillips, presidenta de la Comisi\u00f3n de Turismo del Congreso del Estado; la diputada Maribel Le\u00f3n Cruz; el secretario de Turismo del Estado, Lic. Fabricio Mena Rodr\u00edguez; as\u00ed como regidoras, regidores, presidenta y presidentes de comunidad del municipio, y representantes del sector tur\u00edstico, social y cultural.<\/span><\/p>\n<p style=\"text-align: justify;\"><span style=\"font-weight: 400;\">La instalaci\u00f3n del Consejo Consultivo de Turismo representa un paso importante en la formulaci\u00f3n de pol\u00edticas p\u00fablicas, estrategias y acciones que impulsen el desarrollo integral de la actividad tur\u00edstica en Apizaco, mediante mecanismos de consulta ciudadana, participaci\u00f3n sectorial y coordinaci\u00f3n interinstitucional. Este espacio permitir\u00e1 aprovechar el conocimiento, la experiencia y las perspectivas de diversos sectores para fortalecer la toma de decisiones y dise\u00f1ar propuestas sostenibles e incluyentes.<\/span><\/p>\n<p style=\"text-align: justify;\"><span style=\"font-weight: 400;\">En su mensaje, Javier Rivera Bonilla expres\u00f3 su compromiso total con el trabajo del consejo, subrayando que su administraci\u00f3n est\u00e1 decidida a impulsar una visi\u00f3n tur\u00edstica amplia e integradora, capaz de atraer visitantes locales, estatales y nacionales mediante proyectos bien estructurados, con identidad y vocaci\u00f3n regional.<\/span><\/p>\n<p style=\"text-align: justify;\"><span style=\"font-weight: 400;\">\u00abEste consejo es una herramienta fundamental para escuchar, dialogar y construir juntos una ruta clara de desarrollo tur\u00edstico. En Apizaco creemos en el turismo como motor econ\u00f3mico y como plataforma para mostrar con orgullo qui\u00e9nes somos\u201d, afirm\u00f3 el edil.<\/span><\/p>\n<p style=\"text-align: justify;\"><span style=\"font-weight: 400;\">Como parte del evento, se llev\u00f3 a cabo una muestra de la riqueza cultural, artesanal y gastron\u00f3mica del Barrio M\u00e1gico de Apizaco, donde las y los asistentes pudieron disfrutar de las expresiones m\u00e1s representativas de la identidad apizaquense, consolidando as\u00ed el compromiso del municipio por preservar y difundir su patrimonio.<\/span><\/p>\n<p>&nbsp;<\/p>\n<p><img loading=\"lazy\" decoding=\"async\" class=\"alignnone wp-image-28405 size-full\" src=\"https:\/\/labestiapolitica.com.mx\/wp-content\/uploads\/2024\/06\/U-NOVA-y-se-diferente.png\" alt=\"\" width=\"1000\" height=\"600\" srcset=\"https:\/\/labestiapolitica.com.mx\/wp-content\/uploads\/2024\/06\/U-NOVA-y-se-diferente.png 1000w, https:\/\/labestiapolitica.com.mx\/wp-content\/uploads\/2024\/06\/U-NOVA-y-se-diferente-300x180.png 300w, https:\/\/labestiapolitica.com.mx\/wp-content\/uploads\/2024\/06\/U-NOVA-y-se-diferente-768x461.png 768w\" sizes=\"auto, (max-width: 1000px) 100vw, 1000px\" \/><\/p>\n","protected":false},"excerpt":{"rendered":"<p>En una muestra de colaboraci\u00f3n institucional y compromiso con el desarrollo tur\u00edstico de la regi\u00f3n, se llev\u00f3 a cabo la toma de protesta del Consejo Consultivo de Turismo del Gobierno Municipal de Apizaco, en una ceremonia realizada en el Patio Vitral del Congreso del Estado de Tlaxcala. El acto fue encabezado por el presidente municipal [&hellip;]<\/p>\n","protected":false},"author":5,"featured_media":42967,"comment_status":"open","ping_status":"open","sticky":false,"template":"","format":"standard","meta":{"footnotes":""},"categories":[226,7,216],"tags":[],"class_list":["post-42966","post","type-post","status-publish","format-standard","has-post-thumbnail","hentry","category-apizaco","category-ciudadanos","category-municipios"],"amp_enabled":true,"_links":{"self":[{"href":"https:\/\/labestiapolitica.com.mx\/index.php?rest_route=\/wp\/v2\/posts\/42966","targetHints":{"allow":["GET"]}}],"collection":[{"href":"https:\/\/labestiapolitica.com.mx\/index.php?rest_route=\/wp\/v2\/posts"}],"about":[{"href":"https:\/\/labestiapolitica.com.mx\/index.php?rest_route=\/wp\/v2\/types\/post"}],"author":[{"embeddable":true,"href":"https:\/\/labestiapolitica.com.mx\/index.php?rest_route=\/wp\/v2\/users\/5"}],"replies":[{"embeddable":true,"href":"https:\/\/labestiapolitica.com.mx\/index.php?rest_route=%2Fwp%2Fv2%2Fcomments&post=42966"}],"version-history":[{"count":1,"href":"https:\/\/labestiapolitica.com.mx\/index.php?rest_route=\/wp\/v2\/posts\/42966\/revisions"}],"predecessor-version":[{"id":42968,"href":"https:\/\/labestiapolitica.com.mx\/index.php?rest_route=\/wp\/v2\/posts\/42966\/revisions\/42968"}],"wp:featuredmedia":[{"embeddable":true,"href":"https:\/\/labestiapolitica.com.mx\/index.php?rest_route=\/wp\/v2\/media\/42967"}],"wp:attachment":[{"href":"https:\/\/labestiapolitica.com.mx\/index.php?rest_route=%2Fwp%2Fv2%2Fmedia&parent=42966"}],"wp:term":[{"taxonomy":"category","embeddable":true,"href":"https:\/\/labestiapolitica.com.mx\/index.php?rest_route=%2Fwp%2Fv2%2Fcategories&post=42966"},{"taxonomy":"post_tag","embeddable":true,"href":"https:\/\/labestiapolitica.com.mx\/index.php?rest_route=%2Fwp%2Fv2%2Ftags&post=42966"}],"curies":[{"name":"wp","href":"https:\/\/api.w.org\/{rel}","templated":true}]}}