{"id":42969,"date":"2025-06-04T15:24:18","date_gmt":"2025-06-04T21:24:18","guid":{"rendered":"https:\/\/labestiapolitica.com.mx\/?p=42969"},"modified":"2025-06-04T15:24:18","modified_gmt":"2025-06-04T21:24:18","slug":"cabildo-de-chiautempan-firma-convenio-con-itaes-a-favor-de-la-salud","status":"publish","type":"post","link":"https:\/\/labestiapolitica.com.mx\/?p=42969","title":{"rendered":"Cabildo de Chiautempan firma convenio con ITAES a favor de la salud."},"content":{"rendered":"<p style=\"text-align: justify;\">Durante una sesi\u00f3n solemne de cabildo, el Ayuntamiento de Chiautempan y el Instituto Tlaxcalteca de Asistencia Especializada a la Salud (ITAES) firmaron un convenio de colaboraci\u00f3n con el objetivo de acercar servicios m\u00e9dicos especializados y de calidad a la poblaci\u00f3n del municipio.<\/p>\n<p style=\"text-align: justify;\">En su intervenci\u00f3n, el director general del ITAES, Ad\u00e1n Baltazar Lima Bernal, reconoci\u00f3 el compromiso del gobierno municipal con el bienestar de su gente. Subray\u00f3 que este convenio permitir\u00e1 a las y los chiautempenses acceder a estudios y tratamientos m\u00e9dicos especializados, como resonancias magn\u00e9ticas, radiograf\u00edas, tomograf\u00edas y prevenci\u00f3n de c\u00e1ncer, entre otros.<\/p>\n<p style=\"text-align: justify;\">La presidenta municipal, Blanca Angulo Meneses, destac\u00f3 que este acuerdo es una muestra del compromiso de su administraci\u00f3n por garantizar el acceso a la salud como un derecho fundamental. Se\u00f1al\u00f3 que su gobierno trabaja activamente para generar alianzas que fortalezcan los servicios p\u00fablicos, especialmente en temas prioritarios como la salud. Asimismo, reconoci\u00f3 el trabajo de la cuarta regidora, Blanca Teresa Cabrera Romero, por su colaboraci\u00f3n para hacer posible este convenio.<\/p>\n<p style=\"text-align: justify;\">Finalmente, Cabrera Romero, quien tambi\u00e9n preside la Comisi\u00f3n de Salud, reafirm\u00f3 su compromiso de seguir impulsando acciones en favor del bienestar de las y los chiautempenses. Asegur\u00f3 que continuar\u00e1 trabajando desde su trinchera para acercar m\u00e1s beneficios a la ciudadan\u00eda.<\/p>\n<p>&nbsp;<\/p>\n<p><img loading=\"lazy\" decoding=\"async\" class=\"alignnone wp-image-28405 size-full\" src=\"https:\/\/labestiapolitica.com.mx\/wp-content\/uploads\/2024\/06\/U-NOVA-y-se-diferente.png\" alt=\"\" width=\"1000\" height=\"600\" srcset=\"https:\/\/labestiapolitica.com.mx\/wp-content\/uploads\/2024\/06\/U-NOVA-y-se-diferente.png 1000w, https:\/\/labestiapolitica.com.mx\/wp-content\/uploads\/2024\/06\/U-NOVA-y-se-diferente-300x180.png 300w, https:\/\/labestiapolitica.com.mx\/wp-content\/uploads\/2024\/06\/U-NOVA-y-se-diferente-768x461.png 768w\" sizes=\"auto, (max-width: 1000px) 100vw, 1000px\" \/><\/p>\n","protected":false},"excerpt":{"rendered":"<p>Durante una sesi\u00f3n solemne de cabildo, el Ayuntamiento de Chiautempan y el Instituto Tlaxcalteca de Asistencia Especializada a la Salud (ITAES) firmaron un convenio de colaboraci\u00f3n con el objetivo de acercar servicios m\u00e9dicos especializados y de calidad a la poblaci\u00f3n del municipio. En su intervenci\u00f3n, el director general del ITAES, Ad\u00e1n Baltazar Lima Bernal, reconoci\u00f3 [&hellip;]<\/p>\n","protected":false},"author":5,"featured_media":42970,"comment_status":"open","ping_status":"open","sticky":false,"template":"","format":"standard","meta":{"footnotes":""},"categories":[215,7,216],"tags":[],"class_list":["post-42969","post","type-post","status-publish","format-standard","has-post-thumbnail","hentry","category-chiautempan","category-ciudadanos","category-municipios"],"amp_enabled":true,"_links":{"self":[{"href":"https:\/\/labestiapolitica.com.mx\/index.php?rest_route=\/wp\/v2\/posts\/42969","targetHints":{"allow":["GET"]}}],"collection":[{"href":"https:\/\/labestiapolitica.com.mx\/index.php?rest_route=\/wp\/v2\/posts"}],"about":[{"href":"https:\/\/labestiapolitica.com.mx\/index.php?rest_route=\/wp\/v2\/types\/post"}],"author":[{"embeddable":true,"href":"https:\/\/labestiapolitica.com.mx\/index.php?rest_route=\/wp\/v2\/users\/5"}],"replies":[{"embeddable":true,"href":"https:\/\/labestiapolitica.com.mx\/index.php?rest_route=%2Fwp%2Fv2%2Fcomments&post=42969"}],"version-history":[{"count":1,"href":"https:\/\/labestiapolitica.com.mx\/index.php?rest_route=\/wp\/v2\/posts\/42969\/revisions"}],"predecessor-version":[{"id":42971,"href":"https:\/\/labestiapolitica.com.mx\/index.php?rest_route=\/wp\/v2\/posts\/42969\/revisions\/42971"}],"wp:featuredmedia":[{"embeddable":true,"href":"https:\/\/labestiapolitica.com.mx\/index.php?rest_route=\/wp\/v2\/media\/42970"}],"wp:attachment":[{"href":"https:\/\/labestiapolitica.com.mx\/index.php?rest_route=%2Fwp%2Fv2%2Fmedia&parent=42969"}],"wp:term":[{"taxonomy":"category","embeddable":true,"href":"https:\/\/labestiapolitica.com.mx\/index.php?rest_route=%2Fwp%2Fv2%2Fcategories&post=42969"},{"taxonomy":"post_tag","embeddable":true,"href":"https:\/\/labestiapolitica.com.mx\/index.php?rest_route=%2Fwp%2Fv2%2Ftags&post=42969"}],"curies":[{"name":"wp","href":"https:\/\/api.w.org\/{rel}","templated":true}]}}