{"id":43092,"date":"2025-06-06T16:55:03","date_gmt":"2025-06-06T22:55:03","guid":{"rendered":"https:\/\/labestiapolitica.com.mx\/?p=43092"},"modified":"2025-06-06T16:55:03","modified_gmt":"2025-06-06T22:55:03","slug":"innovacion-y-conocimiento-plasman-estudiantes-de-diseno-textil-uatx-en-la-%f0%9d%90%96%f0%9d%90%9e%f0%9d%90%ac%f0%9d%90%ad%f0%9d%90%9e%f0%9d%90%ab%f0%9d%90%a7-%f0%9d%90%86%f0%9d%90%a5","status":"publish","type":"post","link":"https:\/\/labestiapolitica.com.mx\/?p=43092","title":{"rendered":"Innovaci\u00f3n y conocimiento plasman estudiantes de Dise\u00f1o Textil UATx en la\u00a0\ud835\udc16\ud835\udc1e\ud835\udc2c\ud835\udc2d\ud835\udc1e\ud835\udc2b\ud835\udc27\u00a0\ud835\udc06\ud835\udc25\ud835\udc1a\ud835\udc26\u00a0\ud835\udfd0\ud835\udfce\ud835\udfd0\ud835\udfd3."},"content":{"rendered":"<ul>\n<li style=\"font-weight: 400; text-align: justify;\">Presentan propuestas con impacto social, ecol\u00f3gico y profesional<\/li>\n<\/ul>\n<p style=\"font-weight: 400; text-align: justify;\">Un gran trabajo de equipo despleg\u00f3 la comunidad estudiantil y docente de la Facultad de Dise\u00f1o Arte y Arquitectura de la Universidad Aut\u00f3noma de Tlaxcala (FDAyA-UATx) en la realizaci\u00f3n de la pasarela\u00a0\ud835\udc16\ud835\udc1e\ud835\udc2c\ud835\udc2d\ud835\udc1e\ud835\udc2b\ud835\udc27\u00a0\ud835\udc06\ud835\udc25\ud835\udc1a\ud835\udc26\u00a0\ud835\udfd0\ud835\udfce\ud835\udfd0\ud835\udfd3, la cual se consolid\u00f3 como una experiencia multidisciplinaria que uni\u00f3 creatividad, conciencia ecol\u00f3gica e innovaci\u00f3n textil.<\/p>\n<p style=\"font-weight: 400; text-align: justify;\">Liderado por estudiantes y docentes de sexto semestre de la Licenciatura en Dise\u00f1o Textil, el proyecto integr\u00f3 esfuerzos de las licenciaturas en Dise\u00f1o Gr\u00e1fico al crear la imagen del evento; Artes Visuales tom\u00f3 a su cargo la fotograf\u00eda y portafolios; Arquitectura dise\u00f1\u00f3 y distribuy\u00f3 los espacios; y estudiantes de cuarto semestre de Textil tuvieron la responsabilidad de la log\u00edstica y staff, demostrando un s\u00f3lido trabajo en equipo.<\/p>\n<p style=\"font-weight: 400; text-align: justify;\">Las colecciones presentadas en\u00a0\ud835\udc16\ud835\udc1e\ud835\udc2c\ud835\udc2d\ud835\udc1e\ud835\udc2b\ud835\udc27\u00a0\ud835\udc06\ud835\udc25\ud835\udc1a\ud835\udc26\u00a0\ud835\udfd0\ud835\udfce\ud835\udfd0\ud835\udfd3\u00a0fueron elaboradas con biomateriales creados por los propios estudiantes, quienes respondieron a las macrotendencias de Trendo M\u00e9xico: Matraca, Radar, Potra y Continental, dirigidas a la Generaci\u00f3n Z, joven, cr\u00edtica y creativa.<\/p>\n<p style=\"font-weight: 400; text-align: justify;\">El evento tuvo lugar el 4 de junio en el establecimiento \u201cLa que Manda\u201d con la presencia de directivos de la FDAyA, familiares y aliados del sector educativo y empresarial como TAVEX, Trozmer y S\u00f3nico, quienes atestiguaron c\u00f3mo la Universidad, la industria y el talento joven pueden unirse para generar propuestas con impacto social, ecol\u00f3gico y profesional.<\/p>\n<p>&nbsp;<\/p>\n<p><img loading=\"lazy\" decoding=\"async\" class=\"alignnone size-full wp-image-28405\" src=\"https:\/\/labestiapolitica.com.mx\/wp-content\/uploads\/2024\/06\/U-NOVA-y-se-diferente.png\" alt=\"\" width=\"1000\" height=\"600\" srcset=\"https:\/\/labestiapolitica.com.mx\/wp-content\/uploads\/2024\/06\/U-NOVA-y-se-diferente.png 1000w, https:\/\/labestiapolitica.com.mx\/wp-content\/uploads\/2024\/06\/U-NOVA-y-se-diferente-300x180.png 300w, https:\/\/labestiapolitica.com.mx\/wp-content\/uploads\/2024\/06\/U-NOVA-y-se-diferente-768x461.png 768w\" sizes=\"auto, (max-width: 1000px) 100vw, 1000px\" \/><\/p>\n","protected":false},"excerpt":{"rendered":"<p>Presentan propuestas con impacto social, ecol\u00f3gico y profesional Un gran trabajo de equipo despleg\u00f3 la comunidad estudiantil y docente de la Facultad de Dise\u00f1o Arte y Arquitectura de la Universidad Aut\u00f3noma de Tlaxcala (FDAyA-UATx) en la realizaci\u00f3n de la pasarela\u00a0\ud835\udc16\ud835\udc1e\ud835\udc2c\ud835\udc2d\ud835\udc1e\ud835\udc2b\ud835\udc27\u00a0\ud835\udc06\ud835\udc25\ud835\udc1a\ud835\udc26\u00a0\ud835\udfd0\ud835\udfce\ud835\udfd0\ud835\udfd3, la cual se consolid\u00f3 como una experiencia multidisciplinaria que uni\u00f3 creatividad, conciencia ecol\u00f3gica e innovaci\u00f3n [&hellip;]<\/p>\n","protected":false},"author":3,"featured_media":43093,"comment_status":"open","ping_status":"open","sticky":false,"template":"","format":"standard","meta":{"footnotes":""},"categories":[7,241],"tags":[],"class_list":["post-43092","post","type-post","status-publish","format-standard","has-post-thumbnail","hentry","category-ciudadanos","category-uatx"],"amp_enabled":true,"_links":{"self":[{"href":"https:\/\/labestiapolitica.com.mx\/index.php?rest_route=\/wp\/v2\/posts\/43092","targetHints":{"allow":["GET"]}}],"collection":[{"href":"https:\/\/labestiapolitica.com.mx\/index.php?rest_route=\/wp\/v2\/posts"}],"about":[{"href":"https:\/\/labestiapolitica.com.mx\/index.php?rest_route=\/wp\/v2\/types\/post"}],"author":[{"embeddable":true,"href":"https:\/\/labestiapolitica.com.mx\/index.php?rest_route=\/wp\/v2\/users\/3"}],"replies":[{"embeddable":true,"href":"https:\/\/labestiapolitica.com.mx\/index.php?rest_route=%2Fwp%2Fv2%2Fcomments&post=43092"}],"version-history":[{"count":1,"href":"https:\/\/labestiapolitica.com.mx\/index.php?rest_route=\/wp\/v2\/posts\/43092\/revisions"}],"predecessor-version":[{"id":43094,"href":"https:\/\/labestiapolitica.com.mx\/index.php?rest_route=\/wp\/v2\/posts\/43092\/revisions\/43094"}],"wp:featuredmedia":[{"embeddable":true,"href":"https:\/\/labestiapolitica.com.mx\/index.php?rest_route=\/wp\/v2\/media\/43093"}],"wp:attachment":[{"href":"https:\/\/labestiapolitica.com.mx\/index.php?rest_route=%2Fwp%2Fv2%2Fmedia&parent=43092"}],"wp:term":[{"taxonomy":"category","embeddable":true,"href":"https:\/\/labestiapolitica.com.mx\/index.php?rest_route=%2Fwp%2Fv2%2Fcategories&post=43092"},{"taxonomy":"post_tag","embeddable":true,"href":"https:\/\/labestiapolitica.com.mx\/index.php?rest_route=%2Fwp%2Fv2%2Ftags&post=43092"}],"curies":[{"name":"wp","href":"https:\/\/api.w.org\/{rel}","templated":true}]}}