{"id":43100,"date":"2025-06-06T17:08:20","date_gmt":"2025-06-06T23:08:20","guid":{"rendered":"https:\/\/labestiapolitica.com.mx\/?p=43100"},"modified":"2025-06-06T17:08:20","modified_gmt":"2025-06-06T23:08:20","slug":"cecyte-tocatlan-impulsa-jornadas-de-reflexion-sobre-salud-mental","status":"publish","type":"post","link":"https:\/\/labestiapolitica.com.mx\/?p=43100","title":{"rendered":"CECyTE Tocatl\u00e1n impulsa jornadas de reflexi\u00f3n sobre salud mental."},"content":{"rendered":"<p style=\"text-align: justify;\" data-start=\"163\" data-end=\"535\">Durante dos d\u00edas, el CECyTE de Tocatl\u00e1n se convirti\u00f3 en un espacio de di\u00e1logo, concientizaci\u00f3n y acompa\u00f1amiento emocional para su comunidad estudiantil. A trav\u00e9s de jornadas informativas, las y los alumnos participaron en pl\u00e1ticas sobre la prevenci\u00f3n del suicidio y el manejo del estr\u00e9s, temas clave que buscan fortalecer el bienestar mental y emocional de las juventudes.<\/p>\n<p style=\"text-align: justify;\" data-start=\"537\" data-end=\"924\">Estas actividades fueron posibles gracias a la colaboraci\u00f3n interinstitucional entre el personal administrativo del plantel, el Instituto Municipal de las Mujeres (IMM Mujeres), la Cuarta Regidur\u00eda del Ayuntamiento y la Polic\u00eda Municipal. El objetivo fue acercar herramientas pr\u00e1cticas a los estudiantes para reconocer y atender situaciones que puedan poner en riesgo su salud emocional.<\/p>\n<p style=\"text-align: justify;\" data-start=\"926\" data-end=\"1248\">El presidente municipal de Tocatl\u00e1n, Sergio Avenda\u00f1o P\u00e9rez, brind\u00f3 su total respaldo a estas acciones, refrendando su compromiso con el desarrollo integral de las y los j\u00f3venes del municipio. Su participaci\u00f3n fue fundamental para fortalecer estas estrategias que promueven la prevenci\u00f3n, la empat\u00eda y el apoyo comunitario.<\/p>\n<p style=\"text-align: justify;\" data-start=\"1250\" data-end=\"1339\">Porque hablar de salud mental tambi\u00e9n es hablar de futuro y de responsabilidad colectiva.<\/p>\n<p data-start=\"1250\" data-end=\"1339\">\n<p data-start=\"1250\" data-end=\"1339\"><img loading=\"lazy\" decoding=\"async\" class=\"alignnone size-full wp-image-28405\" src=\"https:\/\/labestiapolitica.com.mx\/wp-content\/uploads\/2024\/06\/U-NOVA-y-se-diferente.png\" alt=\"\" width=\"1000\" height=\"600\" srcset=\"https:\/\/labestiapolitica.com.mx\/wp-content\/uploads\/2024\/06\/U-NOVA-y-se-diferente.png 1000w, https:\/\/labestiapolitica.com.mx\/wp-content\/uploads\/2024\/06\/U-NOVA-y-se-diferente-300x180.png 300w, https:\/\/labestiapolitica.com.mx\/wp-content\/uploads\/2024\/06\/U-NOVA-y-se-diferente-768x461.png 768w\" sizes=\"auto, (max-width: 1000px) 100vw, 1000px\" \/><\/p>\n","protected":false},"excerpt":{"rendered":"<p>Durante dos d\u00edas, el CECyTE de Tocatl\u00e1n se convirti\u00f3 en un espacio de di\u00e1logo, concientizaci\u00f3n y acompa\u00f1amiento emocional para su comunidad estudiantil. A trav\u00e9s de jornadas informativas, las y los alumnos participaron en pl\u00e1ticas sobre la prevenci\u00f3n del suicidio y el manejo del estr\u00e9s, temas clave que buscan fortalecer el bienestar mental y emocional de [&hellip;]<\/p>\n","protected":false},"author":3,"featured_media":43102,"comment_status":"open","ping_status":"open","sticky":false,"template":"","format":"standard","meta":{"footnotes":""},"categories":[7,216,221],"tags":[],"class_list":["post-43100","post","type-post","status-publish","format-standard","has-post-thumbnail","hentry","category-ciudadanos","category-municipios","category-tocatlan"],"amp_enabled":true,"_links":{"self":[{"href":"https:\/\/labestiapolitica.com.mx\/index.php?rest_route=\/wp\/v2\/posts\/43100","targetHints":{"allow":["GET"]}}],"collection":[{"href":"https:\/\/labestiapolitica.com.mx\/index.php?rest_route=\/wp\/v2\/posts"}],"about":[{"href":"https:\/\/labestiapolitica.com.mx\/index.php?rest_route=\/wp\/v2\/types\/post"}],"author":[{"embeddable":true,"href":"https:\/\/labestiapolitica.com.mx\/index.php?rest_route=\/wp\/v2\/users\/3"}],"replies":[{"embeddable":true,"href":"https:\/\/labestiapolitica.com.mx\/index.php?rest_route=%2Fwp%2Fv2%2Fcomments&post=43100"}],"version-history":[{"count":1,"href":"https:\/\/labestiapolitica.com.mx\/index.php?rest_route=\/wp\/v2\/posts\/43100\/revisions"}],"predecessor-version":[{"id":43103,"href":"https:\/\/labestiapolitica.com.mx\/index.php?rest_route=\/wp\/v2\/posts\/43100\/revisions\/43103"}],"wp:featuredmedia":[{"embeddable":true,"href":"https:\/\/labestiapolitica.com.mx\/index.php?rest_route=\/wp\/v2\/media\/43102"}],"wp:attachment":[{"href":"https:\/\/labestiapolitica.com.mx\/index.php?rest_route=%2Fwp%2Fv2%2Fmedia&parent=43100"}],"wp:term":[{"taxonomy":"category","embeddable":true,"href":"https:\/\/labestiapolitica.com.mx\/index.php?rest_route=%2Fwp%2Fv2%2Fcategories&post=43100"},{"taxonomy":"post_tag","embeddable":true,"href":"https:\/\/labestiapolitica.com.mx\/index.php?rest_route=%2Fwp%2Fv2%2Ftags&post=43100"}],"curies":[{"name":"wp","href":"https:\/\/api.w.org\/{rel}","templated":true}]}}