{"id":43415,"date":"2025-06-13T13:50:10","date_gmt":"2025-06-13T19:50:10","guid":{"rendered":"https:\/\/labestiapolitica.com.mx\/?p=43415"},"modified":"2025-06-16T08:33:15","modified_gmt":"2025-06-16T14:33:15","slug":"tlaxcala%f0%9f%94%b4-de-la-acusacion-del-atentado-al-saludo-lorena-y-mariano-coinciden-en-acto-publico-sin-confrontacion","status":"publish","type":"post","link":"https:\/\/labestiapolitica.com.mx\/?p=43415","title":{"rendered":"Tlaxcala\ud83d\udd34 De la acusaci\u00f3n del atentado al saludo: Lorena y Mariano coinciden en acto p\u00fablico sin confrontaci\u00f3n"},"content":{"rendered":"<p style=\"text-align: justify;\" data-start=\"320\" data-end=\"762\">\ud83d\udd39 \u201cMorena tiene al 90 % de los priistas\u201d, sentencia Mariano Gonz\u00e1lez y advierte que, aunque inactivo, sigue siendo leal al tricolor; marca distancia aparente del partido guinda y exhibe el reciclaje pol\u00edtico en Tlaxcala.<\/p>\n<p style=\"text-align: justify;\" data-start=\"320\" data-end=\"762\"><strong data-start=\"320\" data-end=\"382\">Fabiola M\u00c1RQUEZ \/ Tlaxcala, Tlaxcala, 13 de junio de 2025.<\/strong>\u2013 En un giro simb\u00f3lico que sorprende por su carga pol\u00edtica, la gobernadora de Tlaxcala, <strong data-start=\"470\" data-end=\"497\">Lorena Cu\u00e9llar Cisneros<\/strong>, y el exgobernador <strong data-start=\"517\" data-end=\"543\">Mariano Gonz\u00e1lez Zarur<\/strong> coincidieron este jueves en un acto p\u00fablico con motivo del aniversario luctuoso de <strong data-start=\"627\" data-end=\"653\">Emilio S\u00e1nchez Piedras<\/strong>, y lo hicieron sin confrontaciones, sin reproches y, para muchos, aparentemente fumando la \u00abpipa de la paz\u00bb.<\/p>\n<p style=\"text-align: justify;\" data-start=\"764\" data-end=\"1104\">La escena result\u00f3 particularmente relevante si se recuerda que, en noviembre de 2024, durante una entrevista con la periodista <strong data-start=\"891\" data-end=\"907\">M\u00f3nica Garza<\/strong>, la mandataria tlaxcalteca acus\u00f3 directamente a Mariano Gonz\u00e1lez de haber orquestado un atentado en su contra, dentro de lo que describi\u00f3 como un contexto de sabotaje pol\u00edtico y presi\u00f3n medi\u00e1tica.<\/p>\n<p style=\"text-align: justify;\" data-start=\"1106\" data-end=\"1299\">Aquel se\u00f1alamiento, aunque carente de pruebas p\u00fablicas, represent\u00f3 uno de los momentos m\u00e1s tensos en la relaci\u00f3n entre ambos personajes, marcando un quiebre en la narrativa pol\u00edtica del estado.<\/p>\n<p style=\"text-align: justify;\" data-start=\"1301\" data-end=\"1515\">Sin embargo, en el evento de este jueves, ambos se limitaron a compartir espacio con cortes\u00eda institucional. No hubo miradas duras ni se\u00f1alamientos; tampoco menciones mutuas con carga negativa, solo un saludo fr\u00edo.<\/p>\n<p style=\"text-align: justify;\" data-start=\"1517\" data-end=\"1728\"><strong data-start=\"1517\" data-end=\"1528\">Cu\u00e9llar<\/strong> ofreci\u00f3 un mensaje breve en el que reconoci\u00f3 la figura hist\u00f3rica de <strong data-start=\"1597\" data-end=\"1616\">S\u00e1nchez Piedras<\/strong> y mencion\u00f3 con respeto al exgobernador <strong data-start=\"1656\" data-end=\"1674\">Gonz\u00e1lez Zarur<\/strong>, a quien meses antes se\u00f1al\u00f3 como su presunto agresor.<\/p>\n<p style=\"text-align: justify;\" data-start=\"1730\" data-end=\"1946\">Por su parte, <strong data-start=\"1744\" data-end=\"1764\">Mariano Gonz\u00e1lez<\/strong> fue abordado por medios de comunicaci\u00f3n y, aunque evit\u00f3 opinar sobre el gobierno de Cu\u00e9llar \u2014alegando que ya no consume noticias locales\u2014, aprovech\u00f3 para lanzar un dardo pol\u00edtico: \u201cEl PRI no va a desaparecer. El 90 por ciento de los priistas hoy est\u00e1n en Morena\u2026 a veces son blancos, rojos o verdes, pero la mayor\u00eda ahora est\u00e1 ah\u00ed\u201d.<\/p>\n<p style=\"text-align: justify;\" data-start=\"2103\" data-end=\"2293\">El exmandatario tambi\u00e9n fue cuestionado sobre la reciente decisi\u00f3n de su hijo, <strong data-start=\"2182\" data-end=\"2210\">Mariano Gonz\u00e1lez Aguirre<\/strong>, de abandonar el PRI y su esposa, ex candidata al Estado de M\u00e9xico sumarse al gobierno federal.\u00a0 Al respecto, fue enf\u00e1tico: \u201cLo que hagan ellos es su responsabilidad. Yo nunca lo he ayudado pol\u00edticamente\u201d.<\/p>\n<p style=\"text-align: justify;\" data-start=\"2379\" data-end=\"2532\">Aunque dijo haber recibido invitaciones para sumarse a otros partidos a lo largo de su carrera, reiter\u00f3 que se ha mantenido fiel al PRI por convicci\u00f3n: \u201cSer\u00eda una persona malagradecida si me hubiera ido. Tuve oportunidades, pero nunca las tom\u00e9\u201d, asegur\u00f3.<\/p>\n<p style=\"text-align: justify;\" data-start=\"2639\" data-end=\"2731\">Y aunque reconoci\u00f3 que actualmente no est\u00e1 activo en la militancia, lo defini\u00f3 con iron\u00eda: \u201cEstoy en sue\u00f1os, no participo, pero si hace unos a\u00f1os no abandon\u00e9 el partido, ahora menos\u201d.<\/p>\n<p style=\"text-align: justify;\" data-start=\"2828\" data-end=\"2984\">Sobre el escenario electoral rumbo al 2027, el exgobernador advirti\u00f3 que ning\u00fan proceso es igual a otro y que, en pol\u00edtica, el presente no garantiza nada: \u201cLo que es v\u00e1lido hoy, ya no lo es ma\u00f1ana\u201d, sentenci\u00f3.<\/p>\n<p style=\"text-align: justify;\" data-start=\"3043\" data-end=\"3213\">Con esta declaraci\u00f3n, <strong data-start=\"3065\" data-end=\"3083\">Gonz\u00e1lez Zarur al parecer <\/strong>no solo marc\u00f3 distancia del partido guinda, sino que tambi\u00e9n desnud\u00f3 las mutaciones ideol\u00f3gicas del sistema pol\u00edtico tlaxcalteca.<\/p>\n<p style=\"text-align: justify;\" data-start=\"3215\" data-end=\"3585\">El encuentro, aunque breve, deja una postal de convivencia forzada pero significativa. Para quienes conocen los antecedentes, la imagen de ambos en un mismo acto, sin confrontaci\u00f3n, sella un momento pol\u00edtico de alto simbolismo en Tlaxcala, donde los agravios del pasado parecen ahora archivados en nombre de la conveniencia, la institucionalidad\u2026 o el c\u00e1lculo electoral.<\/p>\n<p style=\"text-align: justify;\" data-start=\"2727\" data-end=\"3130\">\n","protected":false},"excerpt":{"rendered":"<p>\ud83d\udd39 \u201cMorena tiene al 90 % de los priistas\u201d, sentencia Mariano Gonz\u00e1lez y advierte que, aunque inactivo, sigue siendo leal al tricolor; marca distancia aparente del partido guinda y exhibe el reciclaje pol\u00edtico en Tlaxcala. Fabiola M\u00c1RQUEZ \/ Tlaxcala, Tlaxcala, 13 de junio de 2025.\u2013 En un giro simb\u00f3lico que sorprende por su carga pol\u00edtica, [&hellip;]<\/p>\n","protected":false},"author":5,"featured_media":43422,"comment_status":"open","ping_status":"open","sticky":false,"template":"","format":"standard","meta":{"footnotes":""},"categories":[12],"tags":[],"class_list":["post-43415","post","type-post","status-publish","format-standard","has-post-thumbnail","hentry","category-brujula-2026"],"amp_enabled":true,"_links":{"self":[{"href":"https:\/\/labestiapolitica.com.mx\/index.php?rest_route=\/wp\/v2\/posts\/43415","targetHints":{"allow":["GET"]}}],"collection":[{"href":"https:\/\/labestiapolitica.com.mx\/index.php?rest_route=\/wp\/v2\/posts"}],"about":[{"href":"https:\/\/labestiapolitica.com.mx\/index.php?rest_route=\/wp\/v2\/types\/post"}],"author":[{"embeddable":true,"href":"https:\/\/labestiapolitica.com.mx\/index.php?rest_route=\/wp\/v2\/users\/5"}],"replies":[{"embeddable":true,"href":"https:\/\/labestiapolitica.com.mx\/index.php?rest_route=%2Fwp%2Fv2%2Fcomments&post=43415"}],"version-history":[{"count":3,"href":"https:\/\/labestiapolitica.com.mx\/index.php?rest_route=\/wp\/v2\/posts\/43415\/revisions"}],"predecessor-version":[{"id":43496,"href":"https:\/\/labestiapolitica.com.mx\/index.php?rest_route=\/wp\/v2\/posts\/43415\/revisions\/43496"}],"wp:featuredmedia":[{"embeddable":true,"href":"https:\/\/labestiapolitica.com.mx\/index.php?rest_route=\/wp\/v2\/media\/43422"}],"wp:attachment":[{"href":"https:\/\/labestiapolitica.com.mx\/index.php?rest_route=%2Fwp%2Fv2%2Fmedia&parent=43415"}],"wp:term":[{"taxonomy":"category","embeddable":true,"href":"https:\/\/labestiapolitica.com.mx\/index.php?rest_route=%2Fwp%2Fv2%2Fcategories&post=43415"},{"taxonomy":"post_tag","embeddable":true,"href":"https:\/\/labestiapolitica.com.mx\/index.php?rest_route=%2Fwp%2Fv2%2Ftags&post=43415"}],"curies":[{"name":"wp","href":"https:\/\/api.w.org\/{rel}","templated":true}]}}