{"id":43419,"date":"2025-06-13T13:17:54","date_gmt":"2025-06-13T19:17:54","guid":{"rendered":"https:\/\/labestiapolitica.com.mx\/?p=43419"},"modified":"2025-06-16T08:33:28","modified_gmt":"2025-06-16T14:33:28","slug":"%f0%9f%9b%a1%ef%b8%8f-arranca-con-exito-programa-preventivo-en-telesecundaria-legado-de-nuestros-heroes-en-plan-de-ayala","status":"publish","type":"post","link":"https:\/\/labestiapolitica.com.mx\/?p=43419","title":{"rendered":"\ud83d\udee1\ufe0f Arranca con \u00e9xito programa preventivo en Telesecundaria \u201cLegado de Nuestros H\u00e9roes\u201d en Plan de Ayala"},"content":{"rendered":"<p data-start=\"206\" data-end=\"516\">En un ambiente de participaci\u00f3n activa y compromiso comunitario, se realiz\u00f3 con gran \u00e9xito la <strong data-start=\"339\" data-end=\"414\">Primera Etapa del Programa de Prevenci\u00f3n del Delito y Proximidad Social<\/strong> en la Escuela Telesecundaria <em data-start=\"444\" data-end=\"473\">\u201cLegado de Nuestros H\u00e9roes\u201d<\/em>, ubicada en la comunidad de Plan de Ayala.<\/p>\n<p data-start=\"518\" data-end=\"896\">Esta estrategia integral, impulsada por el <strong data-start=\"561\" data-end=\"602\">Departamento de Prevenci\u00f3n del Delito<\/strong>, en coordinaci\u00f3n con la <strong data-start=\"627\" data-end=\"677\">Direcci\u00f3n de Seguridad P\u00fablica y Tr\u00e1nsito Vial<\/strong>, <strong data-start=\"679\" data-end=\"699\">Protecci\u00f3n Civil<\/strong>, y el \u00e1rea de <strong data-start=\"714\" data-end=\"735\">Cultura y Turismo<\/strong>, tiene como objetivo fortalecer el tejido social, fomentar la cultura de la legalidad y generar entornos seguros para ni\u00f1as, ni\u00f1os y adolescentes del municipio.<\/p>\n<p data-start=\"898\" data-end=\"1123\">Durante esta primera jornada, se llevaron a cabo actividades l\u00fadicas, informativas y culturales que buscan sensibilizar a las juventudes sobre la importancia de la prevenci\u00f3n, la sana convivencia y la participaci\u00f3n ciudadana.<\/p>\n<p data-start=\"1125\" data-end=\"1320\">La meta, se\u00f1alaron las autoridades municipales, es lograr que <strong data-start=\"1187\" data-end=\"1239\">todas las instituciones educativas del municipio<\/strong> se integren a este programa, generando redes de apoyo entre sociedad y gobierno.<\/p>\n<p data-start=\"1322\" data-end=\"1509\">\ud83d\udccd <em data-start=\"1325\" data-end=\"1402\">La iniciativa continuar\u00e1 recorriendo m\u00e1s escuelas en las siguientes semanas<\/em>, consolidando una estrategia sostenida de seguridad y bienestar comunitario para las futuras generaciones.<\/p>\n","protected":false},"excerpt":{"rendered":"<p>En un ambiente de participaci\u00f3n activa y compromiso comunitario, se realiz\u00f3 con gran \u00e9xito la Primera Etapa del Programa de Prevenci\u00f3n del Delito y Proximidad Social en la Escuela Telesecundaria \u201cLegado de Nuestros H\u00e9roes\u201d, ubicada en la comunidad de Plan de Ayala. Esta estrategia integral, impulsada por el Departamento de Prevenci\u00f3n del Delito, en coordinaci\u00f3n [&hellip;]<\/p>\n","protected":false},"author":3,"featured_media":43420,"comment_status":"open","ping_status":"open","sticky":false,"template":"","format":"standard","meta":{"footnotes":""},"categories":[12,216,227],"tags":[],"class_list":["post-43419","post","type-post","status-publish","format-standard","has-post-thumbnail","hentry","category-brujula-2026","category-municipios","category-tetla"],"amp_enabled":true,"_links":{"self":[{"href":"https:\/\/labestiapolitica.com.mx\/index.php?rest_route=\/wp\/v2\/posts\/43419","targetHints":{"allow":["GET"]}}],"collection":[{"href":"https:\/\/labestiapolitica.com.mx\/index.php?rest_route=\/wp\/v2\/posts"}],"about":[{"href":"https:\/\/labestiapolitica.com.mx\/index.php?rest_route=\/wp\/v2\/types\/post"}],"author":[{"embeddable":true,"href":"https:\/\/labestiapolitica.com.mx\/index.php?rest_route=\/wp\/v2\/users\/3"}],"replies":[{"embeddable":true,"href":"https:\/\/labestiapolitica.com.mx\/index.php?rest_route=%2Fwp%2Fv2%2Fcomments&post=43419"}],"version-history":[{"count":1,"href":"https:\/\/labestiapolitica.com.mx\/index.php?rest_route=\/wp\/v2\/posts\/43419\/revisions"}],"predecessor-version":[{"id":43421,"href":"https:\/\/labestiapolitica.com.mx\/index.php?rest_route=\/wp\/v2\/posts\/43419\/revisions\/43421"}],"wp:featuredmedia":[{"embeddable":true,"href":"https:\/\/labestiapolitica.com.mx\/index.php?rest_route=\/wp\/v2\/media\/43420"}],"wp:attachment":[{"href":"https:\/\/labestiapolitica.com.mx\/index.php?rest_route=%2Fwp%2Fv2%2Fmedia&parent=43419"}],"wp:term":[{"taxonomy":"category","embeddable":true,"href":"https:\/\/labestiapolitica.com.mx\/index.php?rest_route=%2Fwp%2Fv2%2Fcategories&post=43419"},{"taxonomy":"post_tag","embeddable":true,"href":"https:\/\/labestiapolitica.com.mx\/index.php?rest_route=%2Fwp%2Fv2%2Ftags&post=43419"}],"curies":[{"name":"wp","href":"https:\/\/api.w.org\/{rel}","templated":true}]}}