{"id":43461,"date":"2025-06-14T00:17:54","date_gmt":"2025-06-14T06:17:54","guid":{"rendered":"https:\/\/labestiapolitica.com.mx\/?p=43461"},"modified":"2025-06-16T08:31:59","modified_gmt":"2025-06-16T14:31:59","slug":"%f0%9f%94%b5-celebran-coordinadores-panistas-en-tlaxcala-espaldarazo-de-lider-nacional-rumbo-al-2027","status":"publish","type":"post","link":"https:\/\/labestiapolitica.com.mx\/?p=43461","title":{"rendered":"\ud83d\udd35 Celebran coordinadores panistas en Tlaxcala espaldarazo de l\u00edder nacional rumbo al 2027."},"content":{"rendered":"<ul>\n<li style=\"text-align: justify;\">Reafirmaron su compromiso de seguir fortaleciendo estructuras, profesionalizando cuadros y trabajando en una narrativa clara, que d\u00e9 respuesta a las demandas ciudadanas y devuelva a Acci\u00f3n Nacional su papel protag\u00f3nico en Tlaxcala.<\/li>\n<\/ul>\n<p style=\"text-align: justify;\">Tlaxcala, Tlaxcala.\u2013 Con el mensaje de que \u00abHoy fue un gran d\u00eda para Acci\u00f3n Nacional en Tlaxcala\u00bb, en un ambiente de unidad, compromiso y visi\u00f3n a futuro, se llev\u00f3 el pasado jueves, una importante reuni\u00f3n de trabajo entre los coordinadores federales, locales y municipales del PAN en la sede estatal del partido, quienes conocieron el respaldo contundente del dirigente nacional Jorge Romero Herrera.<\/p>\n<p style=\"text-align: justify;\">El evento permiti\u00f3 informar que el presidente nacional del PAN, Jorge Romero Herrera, ha expresado su respaldo firme y decidido a los trabajos del panismo tlaxcalteca. En una pl\u00e1tica celebrada en la Ciudad de M\u00e9xico, el l\u00edder nacional reconoci\u00f3 el esfuerzo de los liderazgos locales y pidi\u00f3 cerrar filas para construir una propuesta clara, cercana y convincente ante la ciudadan\u00eda.<\/p>\n<p style=\"text-align: justify;\">\u201cLa unidad es nuestra mayor fortaleza. Hoy m\u00e1s que nunca, Acci\u00f3n Nacional Tlaxcala avanza con claridad de rumbo, estructura firme y vocaci\u00f3n de servicio\u201d, fue el mensaje que se comparti\u00f3 horas despu\u00e9s del encuentro entre el dirigente estatal \u00c1ngelo Guti\u00e9rrez Hern\u00e1ndez y Jorge Romero Herrera.<\/p>\n<p style=\"text-align: justify;\">Durante el c\u00f3nclave estatal, Guti\u00e9rrez Hern\u00e1ndez comparti\u00f3 v\u00eda telef\u00f3nica desde la CDMX los detalles de la reuni\u00f3n estrat\u00e9gica sostenida por m\u00e1s de dos horas con el dirigente nacional, en la que se reafirm\u00f3 el respaldo total del CEN a las acciones emprendidas en territorio tlaxcalteca rumbo al 2027.<\/p>\n<p style=\"text-align: justify;\">Acompa\u00f1ado por la diputada local Miriam Mart\u00ednez S\u00e1nchez, el dirigente estatal subray\u00f3 ante los coordinadores que Acci\u00f3n Nacional ha intensificado su presencia territorial mediante una gira por diversos municipios, al tiempo que refuerza su estrategia interna en tres ejes: unidad, formaci\u00f3n y renovaci\u00f3n institucional, convocando a la militancia a participar activamente en la pr\u00f3xima elecci\u00f3n de nuevos consejeros estatales y nacionales.<\/p>\n<p style=\"text-align: justify;\">Durante el encuentro se compartieron avances, se fortalecieron l\u00edneas de acci\u00f3n y se reafirm\u00f3 el compromiso colectivo de consolidar una estrategia s\u00f3lida rumbo al proceso electoral de 2027, a\u00f1o en el que estar\u00e1n en juego alcald\u00edas, presidencias de comunidad, diputaciones federales y locales, as\u00ed como la gubernatura.<\/p>\n<p style=\"text-align: justify;\">Finalmente, las y los coordinadores del PAN reafirmaron su compromiso de seguir fortaleciendo estructuras, profesionalizando cuadros y trabajando en una narrativa clara, que d\u00e9 respuesta a las demandas ciudadanas y devuelva a Acci\u00f3n Nacional su papel protag\u00f3nico en el futuro de Tlaxcala.<\/p>\n<p><img loading=\"lazy\" decoding=\"async\" class=\"alignnone wp-image-28405 size-full\" src=\"https:\/\/labestiapolitica.com.mx\/wp-content\/uploads\/2024\/06\/U-NOVA-y-se-diferente.png\" alt=\"\" width=\"1000\" height=\"600\" srcset=\"https:\/\/labestiapolitica.com.mx\/wp-content\/uploads\/2024\/06\/U-NOVA-y-se-diferente.png 1000w, https:\/\/labestiapolitica.com.mx\/wp-content\/uploads\/2024\/06\/U-NOVA-y-se-diferente-300x180.png 300w, https:\/\/labestiapolitica.com.mx\/wp-content\/uploads\/2024\/06\/U-NOVA-y-se-diferente-768x461.png 768w\" sizes=\"auto, (max-width: 1000px) 100vw, 1000px\" \/><\/p>\n","protected":false},"excerpt":{"rendered":"<p>Reafirmaron su compromiso de seguir fortaleciendo estructuras, profesionalizando cuadros y trabajando en una narrativa clara, que d\u00e9 respuesta a las demandas ciudadanas y devuelva a Acci\u00f3n Nacional su papel protag\u00f3nico en Tlaxcala. Tlaxcala, Tlaxcala.\u2013 Con el mensaje de que \u00abHoy fue un gran d\u00eda para Acci\u00f3n Nacional en Tlaxcala\u00bb, en un ambiente de unidad, compromiso [&hellip;]<\/p>\n","protected":false},"author":5,"featured_media":43462,"comment_status":"open","ping_status":"open","sticky":false,"template":"","format":"standard","meta":{"footnotes":""},"categories":[12],"tags":[],"class_list":["post-43461","post","type-post","status-publish","format-standard","has-post-thumbnail","hentry","category-brujula-2026"],"amp_enabled":true,"_links":{"self":[{"href":"https:\/\/labestiapolitica.com.mx\/index.php?rest_route=\/wp\/v2\/posts\/43461","targetHints":{"allow":["GET"]}}],"collection":[{"href":"https:\/\/labestiapolitica.com.mx\/index.php?rest_route=\/wp\/v2\/posts"}],"about":[{"href":"https:\/\/labestiapolitica.com.mx\/index.php?rest_route=\/wp\/v2\/types\/post"}],"author":[{"embeddable":true,"href":"https:\/\/labestiapolitica.com.mx\/index.php?rest_route=\/wp\/v2\/users\/5"}],"replies":[{"embeddable":true,"href":"https:\/\/labestiapolitica.com.mx\/index.php?rest_route=%2Fwp%2Fv2%2Fcomments&post=43461"}],"version-history":[{"count":2,"href":"https:\/\/labestiapolitica.com.mx\/index.php?rest_route=\/wp\/v2\/posts\/43461\/revisions"}],"predecessor-version":[{"id":43494,"href":"https:\/\/labestiapolitica.com.mx\/index.php?rest_route=\/wp\/v2\/posts\/43461\/revisions\/43494"}],"wp:featuredmedia":[{"embeddable":true,"href":"https:\/\/labestiapolitica.com.mx\/index.php?rest_route=\/wp\/v2\/media\/43462"}],"wp:attachment":[{"href":"https:\/\/labestiapolitica.com.mx\/index.php?rest_route=%2Fwp%2Fv2%2Fmedia&parent=43461"}],"wp:term":[{"taxonomy":"category","embeddable":true,"href":"https:\/\/labestiapolitica.com.mx\/index.php?rest_route=%2Fwp%2Fv2%2Fcategories&post=43461"},{"taxonomy":"post_tag","embeddable":true,"href":"https:\/\/labestiapolitica.com.mx\/index.php?rest_route=%2Fwp%2Fv2%2Ftags&post=43461"}],"curies":[{"name":"wp","href":"https:\/\/api.w.org\/{rel}","templated":true}]}}