{"id":43489,"date":"2025-06-14T00:53:45","date_gmt":"2025-06-14T06:53:45","guid":{"rendered":"https:\/\/labestiapolitica.com.mx\/?p=43489"},"modified":"2025-06-16T08:31:49","modified_gmt":"2025-06-16T14:31:49","slug":"el-pri-mx-renueva-liderazgos-en-san-pablo-del-monte-con-la-toma-de-protesta-de-su-nuevo-comite-municipal","status":"publish","type":"post","link":"https:\/\/labestiapolitica.com.mx\/?p=43489","title":{"rendered":"El PRI MX renueva liderazgos en San Pablo del Monte con la toma de protesta de su nuevo Comit\u00e9 Municipal."},"content":{"rendered":"<p style=\"text-align: justify;\">En un ambiente de unidad, compromiso y renovaci\u00f3n, el Comit\u00e9 Municipal del PRI MX en San Pablo del Monte llev\u00f3 a cabo la toma de protesta de su nueva dirigencia local, encabezada por Arturo Flores Ponce como Presidente del PRI MX en dicho municipio.<\/p>\n<p style=\"text-align: justify;\">El evento fue presidido por el Presidente del Comit\u00e9 Directivo Estatal del PRI en Tlaxcala, Enrique Padilla S\u00e1nchez; la Secretaria General, Zonia Montiel Candaneda; y la Presidenta Estatal del PRI MX, Claudia Patricia Acoltzi Su\u00e1rez. Las y los dirigentes estatales coincidieron en la importancia de fortalecer las estructuras municipales como base fundamental del trabajo territorial del partido.<\/p>\n<p style=\"text-align: justify;\">Durante la ceremonia, se cont\u00f3 con la presencia de destacados liderazgos priistas como Roberto Mora Gaspariano y Rosario Michael Corona, Presidente y Secretaria del Comit\u00e9 Directivo Municipal; as\u00ed como del jur\u00eddico Gustavo Romero Rojas. Tambi\u00e9n asistieron ex presidentes de comunidad y del partido, quienes respaldaron con firmeza esta renovaci\u00f3n en la estructura municipal.<\/p>\n<p style=\"text-align: justify;\">\u201cHoy iniciamos un nuevo cap\u00edtulo para el PRI MX en San Pablo del Monte. Con unidad, cercan\u00eda con la gente, visi\u00f3n de futuro y aprovechando las plataformas tecnol\u00f3gicas, seguiremos trabajando por y para las familias tlaxcaltecas\u201d, destac\u00f3 Enrique Padilla en su intervenci\u00f3n.<\/p>\n<p style=\"text-align: justify;\">Por su parte, Zonia Montiel exhort\u00f3 al nuevo comit\u00e9 a conducirse con sensibilidad social, cercan\u00eda y resultados: \u201cTenemos la responsabilidad de construir con la gente. Hoy m\u00e1s que nunca, el PRI debe ser una opci\u00f3n cercana, propositiva y firme.\u201d<\/p>\n<p style=\"text-align: justify;\">Con este relevo, el PRI MX en San Pablo del Monte reafirma su compromiso con las causas sociales, el fortalecimiento comunitario y el trabajo cercano con la ciudadan\u00eda.<\/p>\n<p>&nbsp;<\/p>\n<p><img loading=\"lazy\" decoding=\"async\" class=\"alignnone wp-image-28405 size-full\" src=\"https:\/\/labestiapolitica.com.mx\/wp-content\/uploads\/2024\/06\/U-NOVA-y-se-diferente.png\" alt=\"\" width=\"1000\" height=\"600\" srcset=\"https:\/\/labestiapolitica.com.mx\/wp-content\/uploads\/2024\/06\/U-NOVA-y-se-diferente.png 1000w, https:\/\/labestiapolitica.com.mx\/wp-content\/uploads\/2024\/06\/U-NOVA-y-se-diferente-300x180.png 300w, https:\/\/labestiapolitica.com.mx\/wp-content\/uploads\/2024\/06\/U-NOVA-y-se-diferente-768x461.png 768w\" sizes=\"auto, (max-width: 1000px) 100vw, 1000px\" \/><\/p>\n","protected":false},"excerpt":{"rendered":"<p>En un ambiente de unidad, compromiso y renovaci\u00f3n, el Comit\u00e9 Municipal del PRI MX en San Pablo del Monte llev\u00f3 a cabo la toma de protesta de su nueva dirigencia local, encabezada por Arturo Flores Ponce como Presidente del PRI MX en dicho municipio. El evento fue presidido por el Presidente del Comit\u00e9 Directivo Estatal [&hellip;]<\/p>\n","protected":false},"author":5,"featured_media":43490,"comment_status":"open","ping_status":"open","sticky":false,"template":"","format":"standard","meta":{"footnotes":""},"categories":[12],"tags":[],"class_list":["post-43489","post","type-post","status-publish","format-standard","has-post-thumbnail","hentry","category-brujula-2026"],"amp_enabled":true,"_links":{"self":[{"href":"https:\/\/labestiapolitica.com.mx\/index.php?rest_route=\/wp\/v2\/posts\/43489","targetHints":{"allow":["GET"]}}],"collection":[{"href":"https:\/\/labestiapolitica.com.mx\/index.php?rest_route=\/wp\/v2\/posts"}],"about":[{"href":"https:\/\/labestiapolitica.com.mx\/index.php?rest_route=\/wp\/v2\/types\/post"}],"author":[{"embeddable":true,"href":"https:\/\/labestiapolitica.com.mx\/index.php?rest_route=\/wp\/v2\/users\/5"}],"replies":[{"embeddable":true,"href":"https:\/\/labestiapolitica.com.mx\/index.php?rest_route=%2Fwp%2Fv2%2Fcomments&post=43489"}],"version-history":[{"count":1,"href":"https:\/\/labestiapolitica.com.mx\/index.php?rest_route=\/wp\/v2\/posts\/43489\/revisions"}],"predecessor-version":[{"id":43491,"href":"https:\/\/labestiapolitica.com.mx\/index.php?rest_route=\/wp\/v2\/posts\/43489\/revisions\/43491"}],"wp:featuredmedia":[{"embeddable":true,"href":"https:\/\/labestiapolitica.com.mx\/index.php?rest_route=\/wp\/v2\/media\/43490"}],"wp:attachment":[{"href":"https:\/\/labestiapolitica.com.mx\/index.php?rest_route=%2Fwp%2Fv2%2Fmedia&parent=43489"}],"wp:term":[{"taxonomy":"category","embeddable":true,"href":"https:\/\/labestiapolitica.com.mx\/index.php?rest_route=%2Fwp%2Fv2%2Fcategories&post=43489"},{"taxonomy":"post_tag","embeddable":true,"href":"https:\/\/labestiapolitica.com.mx\/index.php?rest_route=%2Fwp%2Fv2%2Ftags&post=43489"}],"curies":[{"name":"wp","href":"https:\/\/api.w.org\/{rel}","templated":true}]}}