{"id":43497,"date":"2025-06-16T09:12:14","date_gmt":"2025-06-16T15:12:14","guid":{"rendered":"https:\/\/labestiapolitica.com.mx\/?p=43497"},"modified":"2025-06-19T21:29:45","modified_gmt":"2025-06-20T03:29:45","slug":"%f0%9f%97%b3%ef%b8%8f-eleccion-judicial-en-tlaxcala-abstencion-marcada-por-acordeones-e-intromision-politica","status":"publish","type":"post","link":"https:\/\/labestiapolitica.com.mx\/?p=43497","title":{"rendered":"\ud83d\uddf3\ufe0f Elecci\u00f3n Judicial en Tlaxcala: abstenci\u00f3n marcada por \u201cacordeones\u201d e intromisi\u00f3n pol\u00edtica"},"content":{"rendered":"<p data-start=\"346\" data-end=\"784\"><a href=\"https:\/\/labestiapolitica.com.mx\/wp-content\/uploads\/2025\/06\/AnalisisVoto1oJunio2025.pdf\">AnalisisVoto1oJunio2025<\/a><\/p>\n<p style=\"text-align: justify;\" data-start=\"346\" data-end=\"784\"><strong data-start=\"346\" data-end=\"389\">Fabiola M\u00c1RQUEZ \/ Tlaxcala, junio 2025.<\/strong> \u2014 La jornada electoral del pasado 1 de junio para elegir a los integrantes del Poder Judicial en Tlaxcala dej\u00f3 al descubierto un profundo malestar ciudadano hacia el sistema judicial, el proceso electoral y el gobierno estatal. As\u00ed lo revelan los resultados de una encuesta realizada por la empresa <em data-start=\"689\" data-end=\"712\">Impulso Mercadol\u00f3gico<\/em>, que evidencian desconfianza, apat\u00eda y un amplio rechazo institucional.<\/p>\n<p style=\"text-align: justify;\" data-start=\"851\" data-end=\"1068\">De acuerdo con el estudio aplicado en 600 viviendas de 30 municipios, el <strong data-start=\"924\" data-end=\"993\">84.31 % de las personas encuestadas report\u00f3 haber acudido a votar<\/strong>. Sin embargo, la motivaci\u00f3n principal no fue el entusiasmo, sino el deber:<\/p>\n<ul style=\"text-align: justify;\" data-start=\"1070\" data-end=\"1295\">\n<li data-start=\"1070\" data-end=\"1141\">\n<p data-start=\"1072\" data-end=\"1141\"><strong data-start=\"1072\" data-end=\"1083\">27.03 %<\/strong> dijo que vot\u00f3 por sentido de responsabilidad ciudadana.<\/p>\n<\/li>\n<li data-start=\"1142\" data-end=\"1209\">\n<p data-start=\"1144\" data-end=\"1209\"><strong data-start=\"1144\" data-end=\"1155\">24.32 %<\/strong> buscaba cambiar o mejorar la justicia en el estado.<\/p>\n<\/li>\n<li data-start=\"1210\" data-end=\"1295\">\n<p data-start=\"1212\" data-end=\"1295\"><strong data-start=\"1212\" data-end=\"1223\">16.22 %<\/strong> vot\u00f3 por instrucciones externas, ya sea del entorno laboral o pol\u00edtico.<\/p>\n<\/li>\n<\/ul>\n<p style=\"text-align: justify;\" data-start=\"1297\" data-end=\"1504\">A pesar de la participaci\u00f3n, solo el <strong data-start=\"1334\" data-end=\"1388\">11.11 % consider\u00f3 que su voto tuvo un impacto real<\/strong> en la mejora del sistema judicial, mientras que el <strong data-start=\"1440\" data-end=\"1503\">44.44 % manifest\u00f3 que su sufragio tuvo poco o ning\u00fan efecto<\/strong>.<\/p>\n<h3 style=\"text-align: justify;\" data-start=\"1506\" data-end=\"1555\">Desconfianza en las instituciones electorales<\/h3>\n<p style=\"text-align: justify;\" data-start=\"1557\" data-end=\"1653\">Los niveles de credibilidad tambi\u00e9n fueron dispares entre los organismos encargados del proceso:<\/p>\n<ul style=\"text-align: justify;\" data-start=\"1655\" data-end=\"1861\">\n<li data-start=\"1655\" data-end=\"1765\">\n<p data-start=\"1657\" data-end=\"1765\">Solo el <strong data-start=\"1665\" data-end=\"1762\">12 % de los votantes calific\u00f3 como muy confiable al Instituto Tlaxcalteca de Elecciones (ITE)<\/strong>.<\/p>\n<\/li>\n<li data-start=\"1766\" data-end=\"1861\">\n<p data-start=\"1768\" data-end=\"1861\">En contraste, el <strong data-start=\"1785\" data-end=\"1860\">41 % manifest\u00f3 plena confianza en el Instituto Nacional Electoral (INE)<\/strong>.<\/p>\n<\/li>\n<\/ul>\n<p style=\"text-align: justify;\" data-start=\"1863\" data-end=\"2028\">Estas cifras reflejan una clara <strong data-start=\"1895\" data-end=\"1943\">fractura en la legitimidad del \u00e1rbitro local<\/strong>, m\u00e1s a\u00fan cuando se le compara con la percepci\u00f3n que se tiene del organismo nacional.<\/p>\n<h3 style=\"text-align: justify;\" data-start=\"2030\" data-end=\"2072\">Votos anulados: una boleta con mensaje<\/h3>\n<p style=\"text-align: justify;\" data-start=\"2074\" data-end=\"2264\">Un dato relevante es que el <strong data-start=\"2102\" data-end=\"2163\">3.92 % de los votantes anul\u00f3 su sufragio intencionalmente<\/strong>, muchas veces escribiendo mensajes de inconformidad en la boleta. Las razones m\u00e1s frecuentes fueron:<\/p>\n<ul style=\"text-align: justify;\" data-start=\"2266\" data-end=\"2478\">\n<li data-start=\"2266\" data-end=\"2349\">\n<p data-start=\"2268\" data-end=\"2349\"><strong data-start=\"2268\" data-end=\"2279\">30.65 %<\/strong> lo hizo por considerar que hubo injerencia pol\u00edtica en la elecci\u00f3n.<\/p>\n<\/li>\n<li data-start=\"2350\" data-end=\"2419\">\n<p data-start=\"2352\" data-end=\"2419\"><strong data-start=\"2352\" data-end=\"2363\">24.19 %<\/strong> expres\u00f3 inconformidad con los candidatos disponibles.<\/p>\n<\/li>\n<li data-start=\"2420\" data-end=\"2478\">\n<p data-start=\"2422\" data-end=\"2478\"><strong data-start=\"2422\" data-end=\"2433\">14.52 %<\/strong> no confiaba en la transparencia del proceso.<\/p>\n<\/li>\n<\/ul>\n<p style=\"text-align: justify;\" data-start=\"2480\" data-end=\"2617\">Adem\u00e1s, el <strong data-start=\"2491\" data-end=\"2558\">39.22 % cree que anular el voto es una forma v\u00e1lida de protesta<\/strong>, aunque el <strong data-start=\"2570\" data-end=\"2616\">45.10 % piensa que no tiene impacto alguno<\/strong>.<\/p>\n<h3 style=\"text-align: justify;\" data-start=\"2619\" data-end=\"2673\">Abstenci\u00f3n con desconfianza\u2026 y rechazo al gobierno<\/h3>\n<p style=\"text-align: justify;\" data-start=\"2675\" data-end=\"2852\">El <strong data-start=\"2678\" data-end=\"2730\">11.76 % de los encuestados no acudi\u00f3 a las urnas<\/strong>, motivado por el desinter\u00e9s, la falta de informaci\u00f3n y la desconfianza. Pero los motivos m\u00e1s graves emergen entre l\u00edneas:<\/p>\n<ul style=\"text-align: justify;\" data-start=\"2854\" data-end=\"3115\">\n<li data-start=\"2854\" data-end=\"2976\">\n<p data-start=\"2856\" data-end=\"2976\">El <strong data-start=\"2859\" data-end=\"2954\">59.46 % de quienes no votaron cree que hubo injerencia del gobierno o de partidos pol\u00edticos<\/strong> durante el proceso.<\/p>\n<\/li>\n<li data-start=\"2977\" data-end=\"3115\">\n<p data-start=\"2979\" data-end=\"3115\">El <strong data-start=\"2982\" data-end=\"3085\">57.63 % calific\u00f3 como deshonestas y desmotivantes las pr\u00e1cticas de \u201cacordeones\u201d o trucos utilizados<\/strong> durante la jornada electoral.<\/p>\n<\/li>\n<\/ul>\n<p style=\"text-align: justify;\" data-start=\"3117\" data-end=\"3239\">Estos datos retratan un contexto de <strong data-start=\"3153\" data-end=\"3239\">hartazgo ciudadano y sospechas generalizadas sobre la legitimidad de la contienda.<\/strong><\/p>\n<h3 style=\"text-align: justify;\" data-start=\"3241\" data-end=\"3284\">Gobernadora, en la mira del descontento<\/h3>\n<p style=\"text-align: justify;\" data-start=\"3286\" data-end=\"3399\">La evaluaci\u00f3n de la gobernadora <strong data-start=\"3318\" data-end=\"3345\">Lorena Cu\u00e9llar Cisneros<\/strong> tambi\u00e9n se vio reflejada negativamente en el estudio:<\/p>\n<ul style=\"text-align: justify;\" data-start=\"3401\" data-end=\"3743\">\n<li data-start=\"3401\" data-end=\"3508\">\n<p data-start=\"3403\" data-end=\"3508\">Entre quienes votaron normalmente, el <strong data-start=\"3441\" data-end=\"3474\">58.33 % desaprueba su gesti\u00f3n<\/strong>, y solo el <strong data-start=\"3486\" data-end=\"3494\">30 %<\/strong> la aprueba.<\/p>\n<\/li>\n<li data-start=\"3509\" data-end=\"3609\">\n<p data-start=\"3511\" data-end=\"3609\">En quienes anularon su voto, el rechazo sube al <strong data-start=\"3559\" data-end=\"3570\">64.81 %<\/strong>, con apenas <strong data-start=\"3583\" data-end=\"3594\">22.22 %<\/strong> de respaldo.<\/p>\n<\/li>\n<li data-start=\"3610\" data-end=\"3743\">\n<p data-start=\"3612\" data-end=\"3743\">Entre los abstencionistas, el <strong data-start=\"3642\" data-end=\"3680\">67.31 % desaprueba a la mandataria<\/strong>, confirmando un <strong data-start=\"3697\" data-end=\"3742\">panorama adverso para el gobierno estatal<\/strong>.<\/p>\n<\/li>\n<\/ul>\n<h3 style=\"text-align: justify;\" data-start=\"3745\" data-end=\"3785\">Conclusi\u00f3n: voto, pero sin confianza<\/h3>\n<p style=\"text-align: justify;\" data-start=\"3787\" data-end=\"3996\">La encuesta ofrece una radiograf\u00eda de un proceso electoral que, si bien cont\u00f3 con una mayor\u00eda participativa, tambi\u00e9n dej\u00f3 claro que la <strong data-start=\"3922\" data-end=\"3995\">confianza institucional y la credibilidad del sistema est\u00e1n en crisis<\/strong>.<\/p>\n<p style=\"text-align: justify;\" data-start=\"3998\" data-end=\"4184\">Para buena parte de los ciudadanos tlaxcaltecas, <strong data-start=\"4047\" data-end=\"4087\">votar ya no es sin\u00f3nimo de esperanza<\/strong>, sino una obligaci\u00f3n, una forma de protesta o simplemente una acci\u00f3n sin consecuencias visibles.<\/p>\n<p data-start=\"3998\" data-end=\"4184\"><img loading=\"lazy\" decoding=\"async\" class=\"alignnone wp-image-43499 size-full\" src=\"https:\/\/labestiapolitica.com.mx\/wp-content\/uploads\/2025\/06\/Proyecto-nuevo-16-1.jpg\" alt=\"\" width=\"1000\" height=\"600\" srcset=\"https:\/\/labestiapolitica.com.mx\/wp-content\/uploads\/2025\/06\/Proyecto-nuevo-16-1.jpg 1000w, https:\/\/labestiapolitica.com.mx\/wp-content\/uploads\/2025\/06\/Proyecto-nuevo-16-1-300x180.jpg 300w, https:\/\/labestiapolitica.com.mx\/wp-content\/uploads\/2025\/06\/Proyecto-nuevo-16-1-768x461.jpg 768w\" sizes=\"auto, (max-width: 1000px) 100vw, 1000px\" \/> <img loading=\"lazy\" decoding=\"async\" class=\"alignnone wp-image-43500 size-full\" src=\"https:\/\/labestiapolitica.com.mx\/wp-content\/uploads\/2025\/06\/Proyecto-nuevo-15-1.jpg\" alt=\"\" width=\"1000\" height=\"600\" srcset=\"https:\/\/labestiapolitica.com.mx\/wp-content\/uploads\/2025\/06\/Proyecto-nuevo-15-1.jpg 1000w, https:\/\/labestiapolitica.com.mx\/wp-content\/uploads\/2025\/06\/Proyecto-nuevo-15-1-300x180.jpg 300w, https:\/\/labestiapolitica.com.mx\/wp-content\/uploads\/2025\/06\/Proyecto-nuevo-15-1-768x461.jpg 768w\" sizes=\"auto, (max-width: 1000px) 100vw, 1000px\" \/> <img loading=\"lazy\" decoding=\"async\" class=\"alignnone wp-image-43501 size-full\" src=\"https:\/\/labestiapolitica.com.mx\/wp-content\/uploads\/2025\/06\/Proyecto-nuevo-14-2.jpg\" alt=\"\" width=\"1000\" height=\"600\" srcset=\"https:\/\/labestiapolitica.com.mx\/wp-content\/uploads\/2025\/06\/Proyecto-nuevo-14-2.jpg 1000w, https:\/\/labestiapolitica.com.mx\/wp-content\/uploads\/2025\/06\/Proyecto-nuevo-14-2-300x180.jpg 300w, https:\/\/labestiapolitica.com.mx\/wp-content\/uploads\/2025\/06\/Proyecto-nuevo-14-2-768x461.jpg 768w\" sizes=\"auto, (max-width: 1000px) 100vw, 1000px\" \/> <img loading=\"lazy\" decoding=\"async\" class=\"alignnone wp-image-43502 size-full\" src=\"https:\/\/labestiapolitica.com.mx\/wp-content\/uploads\/2025\/06\/Proyecto-nuevo-13-1.jpg\" alt=\"\" width=\"1000\" height=\"600\" srcset=\"https:\/\/labestiapolitica.com.mx\/wp-content\/uploads\/2025\/06\/Proyecto-nuevo-13-1.jpg 1000w, https:\/\/labestiapolitica.com.mx\/wp-content\/uploads\/2025\/06\/Proyecto-nuevo-13-1-300x180.jpg 300w, https:\/\/labestiapolitica.com.mx\/wp-content\/uploads\/2025\/06\/Proyecto-nuevo-13-1-768x461.jpg 768w\" sizes=\"auto, (max-width: 1000px) 100vw, 1000px\" \/> <img loading=\"lazy\" decoding=\"async\" class=\"alignnone wp-image-43503 size-full\" src=\"https:\/\/labestiapolitica.com.mx\/wp-content\/uploads\/2025\/06\/Proyecto-nuevo-12-3.jpg\" alt=\"\" width=\"1000\" height=\"600\" srcset=\"https:\/\/labestiapolitica.com.mx\/wp-content\/uploads\/2025\/06\/Proyecto-nuevo-12-3.jpg 1000w, https:\/\/labestiapolitica.com.mx\/wp-content\/uploads\/2025\/06\/Proyecto-nuevo-12-3-300x180.jpg 300w, https:\/\/labestiapolitica.com.mx\/wp-content\/uploads\/2025\/06\/Proyecto-nuevo-12-3-768x461.jpg 768w\" sizes=\"auto, (max-width: 1000px) 100vw, 1000px\" \/> <img loading=\"lazy\" decoding=\"async\" class=\"alignnone wp-image-43504 size-full\" src=\"https:\/\/labestiapolitica.com.mx\/wp-content\/uploads\/2025\/06\/Proyecto-nuevo-11-3.jpg\" alt=\"\" width=\"1000\" height=\"600\" srcset=\"https:\/\/labestiapolitica.com.mx\/wp-content\/uploads\/2025\/06\/Proyecto-nuevo-11-3.jpg 1000w, https:\/\/labestiapolitica.com.mx\/wp-content\/uploads\/2025\/06\/Proyecto-nuevo-11-3-300x180.jpg 300w, https:\/\/labestiapolitica.com.mx\/wp-content\/uploads\/2025\/06\/Proyecto-nuevo-11-3-768x461.jpg 768w\" sizes=\"auto, (max-width: 1000px) 100vw, 1000px\" \/> <img loading=\"lazy\" decoding=\"async\" class=\"alignnone wp-image-43505 size-full\" src=\"https:\/\/labestiapolitica.com.mx\/wp-content\/uploads\/2025\/06\/Proyecto-nuevo-10-3.jpg\" alt=\"\" width=\"1000\" height=\"600\" srcset=\"https:\/\/labestiapolitica.com.mx\/wp-content\/uploads\/2025\/06\/Proyecto-nuevo-10-3.jpg 1000w, https:\/\/labestiapolitica.com.mx\/wp-content\/uploads\/2025\/06\/Proyecto-nuevo-10-3-300x180.jpg 300w, https:\/\/labestiapolitica.com.mx\/wp-content\/uploads\/2025\/06\/Proyecto-nuevo-10-3-768x461.jpg 768w\" sizes=\"auto, (max-width: 1000px) 100vw, 1000px\" \/> <img loading=\"lazy\" decoding=\"async\" class=\"alignnone wp-image-43506 size-full\" src=\"https:\/\/labestiapolitica.com.mx\/wp-content\/uploads\/2025\/06\/Proyecto-nuevo-9-3.jpg\" alt=\"\" width=\"1000\" height=\"600\" srcset=\"https:\/\/labestiapolitica.com.mx\/wp-content\/uploads\/2025\/06\/Proyecto-nuevo-9-3.jpg 1000w, https:\/\/labestiapolitica.com.mx\/wp-content\/uploads\/2025\/06\/Proyecto-nuevo-9-3-300x180.jpg 300w, https:\/\/labestiapolitica.com.mx\/wp-content\/uploads\/2025\/06\/Proyecto-nuevo-9-3-768x461.jpg 768w\" sizes=\"auto, (max-width: 1000px) 100vw, 1000px\" \/> <img loading=\"lazy\" decoding=\"async\" class=\"alignnone wp-image-43507 size-full\" src=\"https:\/\/labestiapolitica.com.mx\/wp-content\/uploads\/2025\/06\/Proyecto-nuevo-8-3.jpg\" alt=\"\" width=\"1000\" height=\"600\" srcset=\"https:\/\/labestiapolitica.com.mx\/wp-content\/uploads\/2025\/06\/Proyecto-nuevo-8-3.jpg 1000w, https:\/\/labestiapolitica.com.mx\/wp-content\/uploads\/2025\/06\/Proyecto-nuevo-8-3-300x180.jpg 300w, https:\/\/labestiapolitica.com.mx\/wp-content\/uploads\/2025\/06\/Proyecto-nuevo-8-3-768x461.jpg 768w\" sizes=\"auto, (max-width: 1000px) 100vw, 1000px\" \/> <img loading=\"lazy\" decoding=\"async\" class=\"alignnone wp-image-43508 size-full\" src=\"https:\/\/labestiapolitica.com.mx\/wp-content\/uploads\/2025\/06\/Proyecto-nuevo-7-3.jpg\" alt=\"\" width=\"1000\" height=\"600\" srcset=\"https:\/\/labestiapolitica.com.mx\/wp-content\/uploads\/2025\/06\/Proyecto-nuevo-7-3.jpg 1000w, https:\/\/labestiapolitica.com.mx\/wp-content\/uploads\/2025\/06\/Proyecto-nuevo-7-3-300x180.jpg 300w, https:\/\/labestiapolitica.com.mx\/wp-content\/uploads\/2025\/06\/Proyecto-nuevo-7-3-768x461.jpg 768w\" sizes=\"auto, (max-width: 1000px) 100vw, 1000px\" \/> <img loading=\"lazy\" decoding=\"async\" class=\"alignnone wp-image-43509 size-full\" src=\"https:\/\/labestiapolitica.com.mx\/wp-content\/uploads\/2025\/06\/Proyecto-nuevo-6-3.jpg\" alt=\"\" width=\"1000\" height=\"600\" srcset=\"https:\/\/labestiapolitica.com.mx\/wp-content\/uploads\/2025\/06\/Proyecto-nuevo-6-3.jpg 1000w, https:\/\/labestiapolitica.com.mx\/wp-content\/uploads\/2025\/06\/Proyecto-nuevo-6-3-300x180.jpg 300w, https:\/\/labestiapolitica.com.mx\/wp-content\/uploads\/2025\/06\/Proyecto-nuevo-6-3-768x461.jpg 768w\" sizes=\"auto, (max-width: 1000px) 100vw, 1000px\" \/> <img loading=\"lazy\" decoding=\"async\" class=\"alignnone wp-image-43510 size-full\" src=\"https:\/\/labestiapolitica.com.mx\/wp-content\/uploads\/2025\/06\/Proyecto-nuevo-5-3.jpg\" alt=\"\" width=\"1000\" height=\"600\" srcset=\"https:\/\/labestiapolitica.com.mx\/wp-content\/uploads\/2025\/06\/Proyecto-nuevo-5-3.jpg 1000w, https:\/\/labestiapolitica.com.mx\/wp-content\/uploads\/2025\/06\/Proyecto-nuevo-5-3-300x180.jpg 300w, https:\/\/labestiapolitica.com.mx\/wp-content\/uploads\/2025\/06\/Proyecto-nuevo-5-3-768x461.jpg 768w\" sizes=\"auto, (max-width: 1000px) 100vw, 1000px\" \/> <img loading=\"lazy\" decoding=\"async\" class=\"alignnone wp-image-43511 size-full\" src=\"https:\/\/labestiapolitica.com.mx\/wp-content\/uploads\/2025\/06\/Proyecto-nuevo-4-3.jpg\" alt=\"\" width=\"1000\" height=\"600\" srcset=\"https:\/\/labestiapolitica.com.mx\/wp-content\/uploads\/2025\/06\/Proyecto-nuevo-4-3.jpg 1000w, https:\/\/labestiapolitica.com.mx\/wp-content\/uploads\/2025\/06\/Proyecto-nuevo-4-3-300x180.jpg 300w, https:\/\/labestiapolitica.com.mx\/wp-content\/uploads\/2025\/06\/Proyecto-nuevo-4-3-768x461.jpg 768w\" sizes=\"auto, (max-width: 1000px) 100vw, 1000px\" \/><\/p>\n<p style=\"text-align: justify;\" data-start=\"1789\" data-end=\"1864\">\n","protected":false},"excerpt":{"rendered":"<p>AnalisisVoto1oJunio2025 Fabiola M\u00c1RQUEZ \/ Tlaxcala, junio 2025. \u2014 La jornada electoral del pasado 1 de junio para elegir a los integrantes del Poder Judicial en Tlaxcala dej\u00f3 al descubierto un profundo malestar ciudadano hacia el sistema judicial, el proceso electoral y el gobierno estatal. As\u00ed lo revelan los resultados de una encuesta realizada por la [&hellip;]<\/p>\n","protected":false},"author":5,"featured_media":43498,"comment_status":"open","ping_status":"open","sticky":false,"template":"","format":"standard","meta":{"footnotes":""},"categories":[12],"tags":[],"class_list":["post-43497","post","type-post","status-publish","format-standard","has-post-thumbnail","hentry","category-brujula-2026"],"amp_enabled":true,"_links":{"self":[{"href":"https:\/\/labestiapolitica.com.mx\/index.php?rest_route=\/wp\/v2\/posts\/43497","targetHints":{"allow":["GET"]}}],"collection":[{"href":"https:\/\/labestiapolitica.com.mx\/index.php?rest_route=\/wp\/v2\/posts"}],"about":[{"href":"https:\/\/labestiapolitica.com.mx\/index.php?rest_route=\/wp\/v2\/types\/post"}],"author":[{"embeddable":true,"href":"https:\/\/labestiapolitica.com.mx\/index.php?rest_route=\/wp\/v2\/users\/5"}],"replies":[{"embeddable":true,"href":"https:\/\/labestiapolitica.com.mx\/index.php?rest_route=%2Fwp%2Fv2%2Fcomments&post=43497"}],"version-history":[{"count":4,"href":"https:\/\/labestiapolitica.com.mx\/index.php?rest_route=\/wp\/v2\/posts\/43497\/revisions"}],"predecessor-version":[{"id":43521,"href":"https:\/\/labestiapolitica.com.mx\/index.php?rest_route=\/wp\/v2\/posts\/43497\/revisions\/43521"}],"wp:featuredmedia":[{"embeddable":true,"href":"https:\/\/labestiapolitica.com.mx\/index.php?rest_route=\/wp\/v2\/media\/43498"}],"wp:attachment":[{"href":"https:\/\/labestiapolitica.com.mx\/index.php?rest_route=%2Fwp%2Fv2%2Fmedia&parent=43497"}],"wp:term":[{"taxonomy":"category","embeddable":true,"href":"https:\/\/labestiapolitica.com.mx\/index.php?rest_route=%2Fwp%2Fv2%2Fcategories&post=43497"},{"taxonomy":"post_tag","embeddable":true,"href":"https:\/\/labestiapolitica.com.mx\/index.php?rest_route=%2Fwp%2Fv2%2Ftags&post=43497"}],"curies":[{"name":"wp","href":"https:\/\/api.w.org\/{rel}","templated":true}]}}