{"id":43997,"date":"2025-06-14T08:31:08","date_gmt":"2025-06-14T14:31:08","guid":{"rendered":"https:\/\/labestiapolitica.com.mx\/?p=43997"},"modified":"2025-06-24T08:31:49","modified_gmt":"2025-06-24T14:31:49","slug":"%f0%9f%8e%89-historica-inversion-para-san-isidro-buensuceso-presidenta-claudia-sheinbaum-visita-san-pablo-del-monte","status":"publish","type":"post","link":"https:\/\/labestiapolitica.com.mx\/?p=43997","title":{"rendered":"\ud83c\udf89 Hist\u00f3rica inversi\u00f3n para San Isidro Buensuceso: Presidenta Claudia Sheinbaum visita San Pablo del Monte"},"content":{"rendered":"<p style=\"text-align: justify;\" data-start=\"117\" data-end=\"585\"><strong data-start=\"117\" data-end=\"168\">San Pablo del Monte, Tlax., 14 de junio de 2025<\/strong> \u2013 En un d\u00eda memorable para el municipio, la presidenta de la Rep\u00fablica, <strong data-start=\"241\" data-end=\"268\">Claudia Sheinbaum Pardo<\/strong>, y la gobernadora de Tlaxcala, <strong data-start=\"300\" data-end=\"332\">Lic. Lorena Cu\u00e9llar Cisneros<\/strong>, visitaron la comunidad ind\u00edgena de <strong data-start=\"369\" data-end=\"394\">San Isidro Buensuceso<\/strong>, donde anunciaron una inversi\u00f3n directa de <strong data-start=\"438\" data-end=\"466\">8 millones 600 mil pesos<\/strong> a trav\u00e9s del <strong data-start=\"480\" data-end=\"585\" data-is-only-node=\"\">Fondo de Aportaciones para la Infraestructura Social de Pueblos Ind\u00edgenas y Afromexicanos (FAISPIAM).<\/strong><\/p>\n<p style=\"text-align: justify;\" data-start=\"587\" data-end=\"972\">Este recurso hist\u00f3rico fue asignado respetando los <strong data-start=\"638\" data-end=\"659\">usos y costumbres<\/strong> de la comunidad, mediante un <strong data-start=\"689\" data-end=\"721\">comit\u00e9 originario del barrio<\/strong>, que decidi\u00f3 destinar la inversi\u00f3n a la <strong data-start=\"762\" data-end=\"802\">construcci\u00f3n de una Unidad Deportiva<\/strong>. Este espacio beneficiar\u00e1 directamente a ni\u00f1as, ni\u00f1os, j\u00f3venes y familias de San Isidro, consolidando un proyecto con sentido comunitario, identidad y proyecci\u00f3n social.<\/p>\n<p style=\"text-align: justify;\" data-start=\"974\" data-end=\"1254\">Durante el evento, se reconoci\u00f3 la labor del presidente de comunidad, <strong data-start=\"1044\" data-end=\"1071\">Alejandro Amador Zepeda<\/strong>, y de la presidenta municipal, <strong data-start=\"1103\" data-end=\"1126\">Ana Luc\u00eda Arce Luna<\/strong>, por su respaldo al trabajo organizado de las y los habitantes del barrio, quienes han sabido unir gesti\u00f3n, tradici\u00f3n y futuro.<\/p>\n<p style=\"text-align: justify;\" data-start=\"1256\" data-end=\"1350\">\u2728 <em data-start=\"1258\" data-end=\"1350\">\u00a1San Pablo del Monte avanza con el esfuerzo de su gente y el reconocimiento de sus ra\u00edces!<\/em><\/p>\n<p style=\"text-align: justify;\" data-start=\"1352\" data-end=\"1452\" data-is-last-node=\"\" data-is-only-node=\"\">#SanPabloDelMonte #SanIsidroBuensuceso<br data-start=\"1390\" data-end=\"1393\" \/>#OrigenYFuturo #TlaxcalaAvanza #FAISPIAM #UnidadComunitaria<\/p>\n","protected":false},"excerpt":{"rendered":"<p>San Pablo del Monte, Tlax., 14 de junio de 2025 \u2013 En un d\u00eda memorable para el municipio, la presidenta de la Rep\u00fablica, Claudia Sheinbaum Pardo, y la gobernadora de Tlaxcala, Lic. Lorena Cu\u00e9llar Cisneros, visitaron la comunidad ind\u00edgena de San Isidro Buensuceso, donde anunciaron una inversi\u00f3n directa de 8 millones 600 mil pesos a [&hellip;]<\/p>\n","protected":false},"author":3,"featured_media":43998,"comment_status":"open","ping_status":"open","sticky":false,"template":"","format":"standard","meta":{"footnotes":""},"categories":[12],"tags":[],"class_list":["post-43997","post","type-post","status-publish","format-standard","has-post-thumbnail","hentry","category-brujula-2026"],"amp_enabled":true,"_links":{"self":[{"href":"https:\/\/labestiapolitica.com.mx\/index.php?rest_route=\/wp\/v2\/posts\/43997","targetHints":{"allow":["GET"]}}],"collection":[{"href":"https:\/\/labestiapolitica.com.mx\/index.php?rest_route=\/wp\/v2\/posts"}],"about":[{"href":"https:\/\/labestiapolitica.com.mx\/index.php?rest_route=\/wp\/v2\/types\/post"}],"author":[{"embeddable":true,"href":"https:\/\/labestiapolitica.com.mx\/index.php?rest_route=\/wp\/v2\/users\/3"}],"replies":[{"embeddable":true,"href":"https:\/\/labestiapolitica.com.mx\/index.php?rest_route=%2Fwp%2Fv2%2Fcomments&post=43997"}],"version-history":[{"count":1,"href":"https:\/\/labestiapolitica.com.mx\/index.php?rest_route=\/wp\/v2\/posts\/43997\/revisions"}],"predecessor-version":[{"id":43999,"href":"https:\/\/labestiapolitica.com.mx\/index.php?rest_route=\/wp\/v2\/posts\/43997\/revisions\/43999"}],"wp:featuredmedia":[{"embeddable":true,"href":"https:\/\/labestiapolitica.com.mx\/index.php?rest_route=\/wp\/v2\/media\/43998"}],"wp:attachment":[{"href":"https:\/\/labestiapolitica.com.mx\/index.php?rest_route=%2Fwp%2Fv2%2Fmedia&parent=43997"}],"wp:term":[{"taxonomy":"category","embeddable":true,"href":"https:\/\/labestiapolitica.com.mx\/index.php?rest_route=%2Fwp%2Fv2%2Fcategories&post=43997"},{"taxonomy":"post_tag","embeddable":true,"href":"https:\/\/labestiapolitica.com.mx\/index.php?rest_route=%2Fwp%2Fv2%2Ftags&post=43997"}],"curies":[{"name":"wp","href":"https:\/\/api.w.org\/{rel}","templated":true}]}}