{"id":44054,"date":"2025-06-16T09:51:29","date_gmt":"2025-06-16T15:51:29","guid":{"rendered":"https:\/\/labestiapolitica.com.mx\/?p=44054"},"modified":"2025-06-24T09:52:06","modified_gmt":"2025-06-24T15:52:06","slug":"%f0%9f%9a%9c-san-pablo-del-monte-mejora-caminos-rurales-con-jornada-de-rastreo-en-seis-barrios-%f0%9f%9f%a2","status":"publish","type":"post","link":"https:\/\/labestiapolitica.com.mx\/?p=44054","title":{"rendered":"\ud83d\ude9c San Pablo del Monte mejora caminos rurales con jornada de rastreo en seis barrios \ud83d\udfe2"},"content":{"rendered":"<article class=\"text-token-text-primary w-full\" dir=\"auto\" data-testid=\"conversation-turn-46\" data-scroll-anchor=\"true\">\n<div class=\"text-base my-auto mx-auto py-5 [--thread-content-margin:--spacing(4)] @[37rem]:[--thread-content-margin:--spacing(6)] @[72rem]:[--thread-content-margin:--spacing(16)] px-(--thread-content-margin)\">\n<div class=\"[--thread-content-max-width:32rem] @[34rem]:[--thread-content-max-width:40rem] @[64rem]:[--thread-content-max-width:48rem] mx-auto flex max-w-(--thread-content-max-width) flex-1 text-base gap-4 md:gap-5 lg:gap-6 group\/turn-messages focus-visible:outline-hidden\" tabindex=\"-1\">\n<div class=\"group\/conversation-turn relative flex w-full min-w-0 flex-col agent-turn\">\n<div class=\"relative flex-col gap-1 md:gap-3\">\n<div class=\"flex max-w-full flex-col grow\">\n<div class=\"min-h-8 text-message relative flex w-full flex-col items-end gap-2 text-start break-words whitespace-normal [.text-message+&amp;]:mt-5\" dir=\"auto\" data-message-author-role=\"assistant\" data-message-id=\"29ee990a-0bfc-484f-b25b-e8d2bcc19b80\" data-message-model-slug=\"gpt-4o\">\n<div class=\"flex w-full flex-col gap-1 empty:hidden first:pt-[3px]\">\n<div class=\"markdown prose dark:prose-invert w-full break-words dark\">\n<p style=\"text-align: justify;\" data-start=\"93\" data-end=\"447\"><strong data-start=\"93\" data-end=\"138\">San Pablo del Monte, Tlax., junio de 2025<\/strong> \u2013 Con el firme compromiso de apoyar al campo y facilitar el acceso a zonas de cultivo, el <strong data-start=\"229\" data-end=\"271\">H. Ayuntamiento de San Pablo del Monte<\/strong>, a trav\u00e9s de la <strong data-start=\"288\" data-end=\"319\">Direcci\u00f3n de Obras P\u00fablicas<\/strong>, realiz\u00f3 una intensa jornada de <strong data-start=\"352\" data-end=\"382\">rastreo en caminos rurales<\/strong>, beneficiando a decenas de productores y familias del municipio.<\/p>\n<p style=\"text-align: justify;\" data-start=\"449\" data-end=\"615\">Estas labores permiten <strong data-start=\"472\" data-end=\"515\">mejorar la movilidad en zonas agr\u00edcolas<\/strong>, facilitar actividades de siembra y cosecha, as\u00ed como fortalecer la conectividad entre comunidades.<\/p>\n<p style=\"text-align: justify;\" data-start=\"617\" data-end=\"653\">\ud83d\udee4\ufe0f <strong data-start=\"621\" data-end=\"653\">Calles atendidas por barrio:<\/strong><\/p>\n<p style=\"text-align: justify;\" data-start=\"655\" data-end=\"684\">\ud83d\udfe2 <strong data-start=\"658\" data-end=\"682\">Barrio de San Cosme:<\/strong><\/p>\n<ul style=\"text-align: justify;\" data-start=\"685\" data-end=\"714\">\n<li data-start=\"685\" data-end=\"699\">\n<p data-start=\"687\" data-end=\"699\">5 de Marzo<\/p>\n<\/li>\n<li data-start=\"700\" data-end=\"714\">\n<p data-start=\"702\" data-end=\"714\">Achichipil<\/p>\n<\/li>\n<\/ul>\n<p style=\"text-align: justify;\" data-start=\"716\" data-end=\"746\">\ud83d\udfe2 <strong data-start=\"719\" data-end=\"744\">Barrio de San Isidro:<\/strong><\/p>\n<ul style=\"text-align: justify;\" data-start=\"747\" data-end=\"824\">\n<li data-start=\"747\" data-end=\"761\">\n<p data-start=\"749\" data-end=\"761\">Las Palmas<\/p>\n<\/li>\n<li data-start=\"762\" data-end=\"776\">\n<p data-start=\"764\" data-end=\"776\">15 de Mayo<\/p>\n<\/li>\n<li data-start=\"777\" data-end=\"795\">\n<p data-start=\"779\" data-end=\"795\">Nezahualc\u00f3yotl<\/p>\n<\/li>\n<li data-start=\"796\" data-end=\"824\">\n<p data-start=\"798\" data-end=\"824\">Inmediaciones del CECyTE<\/p>\n<\/li>\n<\/ul>\n<p style=\"text-align: justify;\" data-start=\"826\" data-end=\"853\">\ud83d\udfe2 <strong data-start=\"829\" data-end=\"851\">Barrio de Nicol\u00e1s:<\/strong><\/p>\n<ul style=\"text-align: justify;\" data-start=\"854\" data-end=\"1012\">\n<li data-start=\"854\" data-end=\"867\">\n<p data-start=\"856\" data-end=\"867\">Los Pinos<\/p>\n<\/li>\n<li data-start=\"868\" data-end=\"887\">\n<p data-start=\"870\" data-end=\"887\">Privada Capilla<\/p>\n<\/li>\n<li data-start=\"888\" data-end=\"903\">\n<p data-start=\"890\" data-end=\"903\">Camino Real<\/p>\n<\/li>\n<li data-start=\"904\" data-end=\"919\">\n<p data-start=\"906\" data-end=\"919\">Xahuentitla<\/p>\n<\/li>\n<li data-start=\"920\" data-end=\"948\">\n<p data-start=\"922\" data-end=\"948\">Privada 29 de Septiembre<\/p>\n<\/li>\n<li data-start=\"949\" data-end=\"972\">\n<p data-start=\"951\" data-end=\"972\">Francisco I. Madero<\/p>\n<\/li>\n<li data-start=\"973\" data-end=\"998\">\n<p data-start=\"975\" data-end=\"998\">Cerrada 28 de Octubre<\/p>\n<\/li>\n<li data-start=\"999\" data-end=\"1012\">\n<p data-start=\"1001\" data-end=\"1012\">Tetzacual<\/p>\n<\/li>\n<\/ul>\n<p style=\"text-align: justify;\" data-start=\"1014\" data-end=\"1047\">\ud83d\udfe2 <strong data-start=\"1017\" data-end=\"1045\">Barrio de San Sebasti\u00e1n:<\/strong><\/p>\n<ul style=\"text-align: justify;\" data-start=\"1048\" data-end=\"1111\">\n<li data-start=\"1048\" data-end=\"1063\">\n<p data-start=\"1050\" data-end=\"1063\">20 de Enero<\/p>\n<\/li>\n<li data-start=\"1064\" data-end=\"1078\">\n<p data-start=\"1066\" data-end=\"1078\">R\u00edo Jord\u00e1n<\/p>\n<\/li>\n<li data-start=\"1079\" data-end=\"1094\">\n<p data-start=\"1081\" data-end=\"1094\">Insurgentes<\/p>\n<\/li>\n<li data-start=\"1095\" data-end=\"1111\">\n<p data-start=\"1097\" data-end=\"1111\">Prolongaci\u00f3n<\/p>\n<\/li>\n<\/ul>\n<p style=\"text-align: justify;\" data-start=\"1113\" data-end=\"1144\">\ud83d\udfe2 <strong data-start=\"1116\" data-end=\"1142\">Barrio de Tlaltepango:<\/strong><\/p>\n<ul style=\"text-align: justify;\" data-start=\"1145\" data-end=\"1213\">\n<li data-start=\"1145\" data-end=\"1168\">\n<p data-start=\"1147\" data-end=\"1168\">Prolongaci\u00f3n Oaxaca<\/p>\n<\/li>\n<li data-start=\"1169\" data-end=\"1193\">\n<p data-start=\"1171\" data-end=\"1193\">Privada Ayuntamiento<\/p>\n<\/li>\n<li data-start=\"1194\" data-end=\"1213\">\n<p data-start=\"1196\" data-end=\"1213\">11 de Marzo Sur<\/p>\n<\/li>\n<\/ul>\n<p style=\"text-align: justify;\" data-start=\"1215\" data-end=\"1244\">\ud83d\udfe2 <strong data-start=\"1218\" data-end=\"1242\">Barrio de El Cristo:<\/strong><\/p>\n<ul style=\"text-align: justify;\" data-start=\"1245\" data-end=\"1275\">\n<li data-start=\"1245\" data-end=\"1259\">\n<p data-start=\"1247\" data-end=\"1259\">15 de Mayo<\/p>\n<\/li>\n<li data-start=\"1260\" data-end=\"1275\">\n<p data-start=\"1262\" data-end=\"1275\">Pipilatitla<\/p>\n<\/li>\n<\/ul>\n<p style=\"text-align: justify;\" data-start=\"1277\" data-end=\"1470\">\ud83d\udccf <em data-start=\"1280\" data-end=\"1470\">Con estas acciones se logr\u00f3 una cobertura de <strong data-start=\"1326\" data-end=\"1378\">111,312 metros cuadrados de superficie rastreada<\/strong>, mejorando de forma significativa las condiciones de acceso y tr\u00e1nsito en \u00e1reas agr\u00edcolas.<\/em><\/p>\n<p style=\"text-align: justify;\" data-start=\"1472\" data-end=\"1645\">El Ayuntamiento refrenda su compromiso de <strong data-start=\"1514\" data-end=\"1565\">respaldar a las y los productores del municipio<\/strong>, generando condiciones m\u00e1s dignas para el desarrollo del campo y la vida rural.<\/p>\n<p style=\"text-align: justify;\" data-start=\"1647\" data-end=\"1738\" data-is-last-node=\"\" data-is-only-node=\"\">#SanPabloDelMonte #ObrasP\u00fablicas #ApoyoAlCampo #CaminosRurales #RastreoRural #OrigenYFuturo<\/p>\n<\/div>\n<\/div>\n<\/div>\n<\/div>\n<div class=\"flex min-h-[46px] justify-start\" style=\"text-align: justify;\">\n<div class=\"touch:-me-2 touch:-ms-3.5 -ms-2.5 -me-1 flex flex-wrap items-center gap-y-4 p-1 select-none touch:w-[calc(100%+--spacing(3.5))] -mt-1 w-[calc(100%+--spacing(2.5))] duration-[1.5s] focus-within:transition-none hover:transition-none pointer-events-none [mask-image:linear-gradient(to_right,black_33%,transparent_66%)] [mask-size:300%_100%] [mask-position:100%_0%] motion-safe:transition-[mask-position] group-hover\/turn-messages:pointer-events-auto group-hover\/turn-messages:[mask-position:0_0] group-focus-within\/turn-messages:pointer-events-auto group-focus-within\/turn-messages:[mask-position:0_0] has-data-[state=open]:pointer-events-auto has-data-[state=open]:[mask-position:0_0]\"><button class=\"text-token-text-secondary hover:bg-token-bg-secondary rounded-lg\" aria-label=\"Copiar\" aria-selected=\"false\" data-testid=\"copy-turn-action-button\" data-state=\"closed\"><\/button><button class=\"text-token-text-secondary hover:bg-token-bg-secondary rounded-lg\" aria-label=\"Respuesta adecuada\" aria-selected=\"false\" data-testid=\"good-response-turn-action-button\" data-state=\"closed\"><\/button><button class=\"text-token-text-secondary hover:bg-token-bg-secondary rounded-lg\" aria-label=\"Respuesta inadecuada\" aria-selected=\"false\" data-testid=\"bad-response-turn-action-button\" data-state=\"closed\"><\/button><button class=\"text-token-text-secondary hover:bg-token-bg-secondary rounded-lg\" aria-label=\"Leer en voz alta\" aria-selected=\"false\" data-testid=\"voice-play-turn-action-button\" data-state=\"closed\"><\/button><button class=\"text-token-text-secondary hover:bg-token-bg-secondary rounded-lg\" aria-label=\"Editar en el lienzo\" aria-selected=\"false\" data-state=\"closed\"><\/button><\/p>\n<div class=\"flex items-center\"><\/div>\n<p><button class=\"text-token-text-secondary hover:bg-token-bg-secondary rounded-lg\" aria-label=\"Compartir\" aria-selected=\"false\" data-state=\"closed\"><\/button><\/div>\n<\/div>\n<div class=\"mt-3 w-full empty:hidden\" style=\"text-align: justify;\">\n<div class=\"text-center\"><\/div>\n<\/div>\n<\/div>\n<div class=\"absolute\" style=\"text-align: justify;\">\n<div class=\"flex items-center justify-center\"><\/div>\n<\/div>\n<\/div>\n<\/div>\n<\/div>\n<\/article>\n<div class=\"pointer-events-none h-px w-px\" style=\"text-align: justify;\" aria-hidden=\"true\" data-edge=\"true\"><\/div>\n","protected":false},"excerpt":{"rendered":"<p>San Pablo del Monte, Tlax., junio de 2025 \u2013 Con el firme compromiso de apoyar al campo y facilitar el acceso a zonas de cultivo, el H. Ayuntamiento de San Pablo del Monte, a trav\u00e9s de la Direcci\u00f3n de Obras P\u00fablicas, realiz\u00f3 una intensa jornada de rastreo en caminos rurales, beneficiando a decenas de productores [&hellip;]<\/p>\n","protected":false},"author":3,"featured_media":44055,"comment_status":"open","ping_status":"open","sticky":false,"template":"","format":"standard","meta":{"footnotes":""},"categories":[12],"tags":[],"class_list":["post-44054","post","type-post","status-publish","format-standard","has-post-thumbnail","hentry","category-brujula-2026"],"amp_enabled":true,"_links":{"self":[{"href":"https:\/\/labestiapolitica.com.mx\/index.php?rest_route=\/wp\/v2\/posts\/44054","targetHints":{"allow":["GET"]}}],"collection":[{"href":"https:\/\/labestiapolitica.com.mx\/index.php?rest_route=\/wp\/v2\/posts"}],"about":[{"href":"https:\/\/labestiapolitica.com.mx\/index.php?rest_route=\/wp\/v2\/types\/post"}],"author":[{"embeddable":true,"href":"https:\/\/labestiapolitica.com.mx\/index.php?rest_route=\/wp\/v2\/users\/3"}],"replies":[{"embeddable":true,"href":"https:\/\/labestiapolitica.com.mx\/index.php?rest_route=%2Fwp%2Fv2%2Fcomments&post=44054"}],"version-history":[{"count":1,"href":"https:\/\/labestiapolitica.com.mx\/index.php?rest_route=\/wp\/v2\/posts\/44054\/revisions"}],"predecessor-version":[{"id":44056,"href":"https:\/\/labestiapolitica.com.mx\/index.php?rest_route=\/wp\/v2\/posts\/44054\/revisions\/44056"}],"wp:featuredmedia":[{"embeddable":true,"href":"https:\/\/labestiapolitica.com.mx\/index.php?rest_route=\/wp\/v2\/media\/44055"}],"wp:attachment":[{"href":"https:\/\/labestiapolitica.com.mx\/index.php?rest_route=%2Fwp%2Fv2%2Fmedia&parent=44054"}],"wp:term":[{"taxonomy":"category","embeddable":true,"href":"https:\/\/labestiapolitica.com.mx\/index.php?rest_route=%2Fwp%2Fv2%2Fcategories&post=44054"},{"taxonomy":"post_tag","embeddable":true,"href":"https:\/\/labestiapolitica.com.mx\/index.php?rest_route=%2Fwp%2Fv2%2Ftags&post=44054"}],"curies":[{"name":"wp","href":"https:\/\/api.w.org\/{rel}","templated":true}]}}