{"id":44057,"date":"2025-06-16T09:53:58","date_gmt":"2025-06-16T15:53:58","guid":{"rendered":"https:\/\/labestiapolitica.com.mx\/?p=44057"},"modified":"2025-06-24T09:54:28","modified_gmt":"2025-06-24T15:54:28","slug":"%f0%9f%9f%a3-concluye-entrega-de-despensas-del-programa-para-personas-con-cancer-en-san-pablo-del-monte-%f0%9f%92%9c","status":"publish","type":"post","link":"https:\/\/labestiapolitica.com.mx\/?p=44057","title":{"rendered":"\ud83d\udfe3 Concluye entrega de despensas del Programa para Personas con C\u00e1ncer en San Pablo del Monte \ud83d\udc9c"},"content":{"rendered":"<p style=\"text-align: justify;\" data-start=\"102\" data-end=\"433\"><strong data-start=\"102\" data-end=\"147\">San Pablo del Monte, Tlax., junio de 2025<\/strong> \u2013 El pasado <strong data-start=\"160\" data-end=\"183\">viernes 13 de junio<\/strong>, el <strong data-start=\"188\" data-end=\"230\">H. Ayuntamiento de San Pablo del Monte<\/strong>, en coordinaci\u00f3n con el <strong data-start=\"255\" data-end=\"288\">Sistema Municipal DIF (SMDIF)<\/strong>, llev\u00f3 a cabo la <strong data-start=\"306\" data-end=\"378\">entrega de la \u00faltima despensa correspondiente al periodo enero\u2013junio<\/strong> del <strong data-start=\"383\" data-end=\"432\" data-is-only-node=\"\">Programa de Despensa para Personas con C\u00e1ncer<\/strong>.<\/p>\n<p style=\"text-align: justify;\" data-start=\"435\" data-end=\"691\">\u2705 Este apoyo forma parte de una pol\u00edtica solidaria que busca <strong data-start=\"496\" data-end=\"552\">aliviar la carga econ\u00f3mica y fortalecer la nutrici\u00f3n<\/strong> de pacientes en situaci\u00f3n vulnerable, reafirmando el compromiso institucional con el <strong data-start=\"638\" data-end=\"690\">bienestar y la salud de quienes m\u00e1s lo necesitan<\/strong>.<\/p>\n<p style=\"text-align: justify;\" data-start=\"693\" data-end=\"911\">\ud83d\udc49\ud83c\udffd Las autoridades municipales informaron que <strong data-start=\"741\" data-end=\"819\">en el mes de julio iniciar\u00e1 la atenci\u00f3n para nuevas personas beneficiarias<\/strong>, invitando a la poblaci\u00f3n a mantenerse informada a trav\u00e9s de los canales oficiales del DIF.<\/p>\n<p style=\"text-align: justify;\" data-start=\"913\" data-end=\"1055\">\ud83d\udc9c <em data-start=\"916\" data-end=\"1055\">San Pablo del Monte contin\u00faa trabajando con empat\u00eda y responsabilidad social para que ning\u00fan esfuerzo de lucha sea enfrentado en soledad.<\/em><\/p>\n<p style=\"text-align: justify;\" data-start=\"1057\" data-end=\"1141\" data-is-last-node=\"\" data-is-only-node=\"\">#ApoyosSMDIF #SanPabloDelMonte #BienestarParaTodos #DespensasConCausa #OrigenYFuturo<\/p>\n","protected":false},"excerpt":{"rendered":"<p>San Pablo del Monte, Tlax., junio de 2025 \u2013 El pasado viernes 13 de junio, el H. Ayuntamiento de San Pablo del Monte, en coordinaci\u00f3n con el Sistema Municipal DIF (SMDIF), llev\u00f3 a cabo la entrega de la \u00faltima despensa correspondiente al periodo enero\u2013junio del Programa de Despensa para Personas con C\u00e1ncer. \u2705 Este apoyo [&hellip;]<\/p>\n","protected":false},"author":3,"featured_media":44058,"comment_status":"open","ping_status":"open","sticky":false,"template":"","format":"standard","meta":{"footnotes":""},"categories":[12],"tags":[],"class_list":["post-44057","post","type-post","status-publish","format-standard","has-post-thumbnail","hentry","category-brujula-2026"],"amp_enabled":true,"_links":{"self":[{"href":"https:\/\/labestiapolitica.com.mx\/index.php?rest_route=\/wp\/v2\/posts\/44057","targetHints":{"allow":["GET"]}}],"collection":[{"href":"https:\/\/labestiapolitica.com.mx\/index.php?rest_route=\/wp\/v2\/posts"}],"about":[{"href":"https:\/\/labestiapolitica.com.mx\/index.php?rest_route=\/wp\/v2\/types\/post"}],"author":[{"embeddable":true,"href":"https:\/\/labestiapolitica.com.mx\/index.php?rest_route=\/wp\/v2\/users\/3"}],"replies":[{"embeddable":true,"href":"https:\/\/labestiapolitica.com.mx\/index.php?rest_route=%2Fwp%2Fv2%2Fcomments&post=44057"}],"version-history":[{"count":1,"href":"https:\/\/labestiapolitica.com.mx\/index.php?rest_route=\/wp\/v2\/posts\/44057\/revisions"}],"predecessor-version":[{"id":44059,"href":"https:\/\/labestiapolitica.com.mx\/index.php?rest_route=\/wp\/v2\/posts\/44057\/revisions\/44059"}],"wp:featuredmedia":[{"embeddable":true,"href":"https:\/\/labestiapolitica.com.mx\/index.php?rest_route=\/wp\/v2\/media\/44058"}],"wp:attachment":[{"href":"https:\/\/labestiapolitica.com.mx\/index.php?rest_route=%2Fwp%2Fv2%2Fmedia&parent=44057"}],"wp:term":[{"taxonomy":"category","embeddable":true,"href":"https:\/\/labestiapolitica.com.mx\/index.php?rest_route=%2Fwp%2Fv2%2Fcategories&post=44057"},{"taxonomy":"post_tag","embeddable":true,"href":"https:\/\/labestiapolitica.com.mx\/index.php?rest_route=%2Fwp%2Fv2%2Ftags&post=44057"}],"curies":[{"name":"wp","href":"https:\/\/api.w.org\/{rel}","templated":true}]}}