{"id":44066,"date":"2025-06-16T10:04:39","date_gmt":"2025-06-16T16:04:39","guid":{"rendered":"https:\/\/labestiapolitica.com.mx\/?p=44066"},"modified":"2025-06-24T10:05:18","modified_gmt":"2025-06-24T16:05:18","slug":"%f0%9f%93%9a%f0%9f%91%ae%e2%99%82%ef%b8%8f%e2%9c%a8-mi-escuela-segura-promueve-la-prevencion-y-sana-convivencia-en-la-telesecundaria-vicente-guerrero","status":"publish","type":"post","link":"https:\/\/labestiapolitica.com.mx\/?p=44066","title":{"rendered":"\ud83d\udcda\ud83d\udc6e\u200d\u2642\ufe0f\u2728 \u201cMi Escuela Segura\u201d promueve la prevenci\u00f3n y sana convivencia en la Telesecundaria Vicente Guerrero"},"content":{"rendered":"<p style=\"text-align: justify;\" data-start=\"114\" data-end=\"519\"><strong data-start=\"114\" data-end=\"159\">San Pablo del Monte, Tlax., junio de 2025<\/strong> \u2013 Como parte del programa <strong data-start=\"186\" data-end=\"209\">\u201cMi Escuela Segura\u201d<\/strong>, el pasado <strong data-start=\"221\" data-end=\"236\">12 de junio<\/strong>, el <strong data-start=\"241\" data-end=\"296\">equipo de Prevenci\u00f3n del Delito y Proximidad Social<\/strong> de la <strong data-start=\"303\" data-end=\"358\">Direcci\u00f3n de Seguridad P\u00fablica y Tr\u00e1nsito Municipal<\/strong> visit\u00f3 la <strong data-start=\"369\" data-end=\"404\" data-is-only-node=\"\">Telesecundaria Vicente Guerrero<\/strong>, ubicada en el <strong data-start=\"420\" data-end=\"445\">Barrio de San Nicol\u00e1s<\/strong>, con el objetivo de fomentar un ambiente escolar m\u00e1s seguro y consciente.<\/p>\n<p style=\"text-align: justify;\" data-start=\"521\" data-end=\"843\">\ud83c\udfeb Durante la jornada, se aplic\u00f3 un <strong data-start=\"557\" data-end=\"585\">diagn\u00f3stico a 70 alumnos<\/strong> para identificar posibles factores de riesgo, as\u00ed como fortalecer la cultura de la <strong data-start=\"669\" data-end=\"729\">prevenci\u00f3n, la sana convivencia y el respeto entre pares<\/strong>. Esta herramienta permitir\u00e1 establecer estrategias m\u00e1s eficaces para atender las necesidades del entorno escolar.<\/p>\n<p style=\"text-align: justify;\" data-start=\"845\" data-end=\"1016\">\ud83d\ude4c El H. Ayuntamiento agradece profundamente la <strong data-start=\"893\" data-end=\"942\">colaboraci\u00f3n del personal directivo y docente<\/strong> de la instituci\u00f3n por abrir las puertas al di\u00e1logo y al trabajo conjunto.<\/p>\n<p style=\"text-align: justify;\" data-start=\"1018\" data-end=\"1148\">\ud83e\udd1d <em data-start=\"1021\" data-end=\"1148\">Porque la seguridad y la paz comienzan en las aulas, seguimos construyendo comunidad con responsabilidad, cercan\u00eda y valores.<\/em><\/p>\n<p style=\"text-align: justify;\" data-start=\"1150\" data-end=\"1258\" data-is-last-node=\"\" data-is-only-node=\"\">#SanPabloDelMonte #Prevenci\u00f3nDelDelito #MiEscuelaSegura #ConvivenciaSana #Construcci\u00f3nDePaz #EscuelasSeguras<\/p>\n","protected":false},"excerpt":{"rendered":"<p>San Pablo del Monte, Tlax., junio de 2025 \u2013 Como parte del programa \u201cMi Escuela Segura\u201d, el pasado 12 de junio, el equipo de Prevenci\u00f3n del Delito y Proximidad Social de la Direcci\u00f3n de Seguridad P\u00fablica y Tr\u00e1nsito Municipal visit\u00f3 la Telesecundaria Vicente Guerrero, ubicada en el Barrio de San Nicol\u00e1s, con el objetivo de [&hellip;]<\/p>\n","protected":false},"author":3,"featured_media":44067,"comment_status":"open","ping_status":"open","sticky":false,"template":"","format":"standard","meta":{"footnotes":""},"categories":[12],"tags":[],"class_list":["post-44066","post","type-post","status-publish","format-standard","has-post-thumbnail","hentry","category-brujula-2026"],"amp_enabled":true,"_links":{"self":[{"href":"https:\/\/labestiapolitica.com.mx\/index.php?rest_route=\/wp\/v2\/posts\/44066","targetHints":{"allow":["GET"]}}],"collection":[{"href":"https:\/\/labestiapolitica.com.mx\/index.php?rest_route=\/wp\/v2\/posts"}],"about":[{"href":"https:\/\/labestiapolitica.com.mx\/index.php?rest_route=\/wp\/v2\/types\/post"}],"author":[{"embeddable":true,"href":"https:\/\/labestiapolitica.com.mx\/index.php?rest_route=\/wp\/v2\/users\/3"}],"replies":[{"embeddable":true,"href":"https:\/\/labestiapolitica.com.mx\/index.php?rest_route=%2Fwp%2Fv2%2Fcomments&post=44066"}],"version-history":[{"count":1,"href":"https:\/\/labestiapolitica.com.mx\/index.php?rest_route=\/wp\/v2\/posts\/44066\/revisions"}],"predecessor-version":[{"id":44068,"href":"https:\/\/labestiapolitica.com.mx\/index.php?rest_route=\/wp\/v2\/posts\/44066\/revisions\/44068"}],"wp:featuredmedia":[{"embeddable":true,"href":"https:\/\/labestiapolitica.com.mx\/index.php?rest_route=\/wp\/v2\/media\/44067"}],"wp:attachment":[{"href":"https:\/\/labestiapolitica.com.mx\/index.php?rest_route=%2Fwp%2Fv2%2Fmedia&parent=44066"}],"wp:term":[{"taxonomy":"category","embeddable":true,"href":"https:\/\/labestiapolitica.com.mx\/index.php?rest_route=%2Fwp%2Fv2%2Fcategories&post=44066"},{"taxonomy":"post_tag","embeddable":true,"href":"https:\/\/labestiapolitica.com.mx\/index.php?rest_route=%2Fwp%2Fv2%2Ftags&post=44066"}],"curies":[{"name":"wp","href":"https:\/\/api.w.org\/{rel}","templated":true}]}}