{"id":44462,"date":"2025-06-16T09:38:04","date_gmt":"2025-06-16T15:38:04","guid":{"rendered":"https:\/\/labestiapolitica.com.mx\/?p=44462"},"modified":"2025-07-01T09:38:36","modified_gmt":"2025-07-01T15:38:36","slug":"%f0%9f%8c%8e-gobierno-de-zacualpan-y-atencion-a-migrantes-llevan-a-estudiantes-mensaje-de-conciencia-sobre-el-sueno-americano","status":"publish","type":"post","link":"https:\/\/labestiapolitica.com.mx\/?p=44462","title":{"rendered":"\ud83c\udf0e Gobierno de Zacualpan y Atenci\u00f3n a Migrantes llevan a estudiantes mensaje de conciencia sobre el \u201cSue\u00f1o Americano\u201d"},"content":{"rendered":"<p style=\"text-align: justify;\" data-start=\"292\" data-end=\"611\">Como parte de las acciones de prevenci\u00f3n y orientaci\u00f3n para las juventudes, el Gobierno Municipal de Zacualpan, en coordinaci\u00f3n con la <strong data-start=\"427\" data-end=\"500\">Direcci\u00f3n de Atenci\u00f3n a Migrantes del Gobierno del Estado de Tlaxcala<\/strong>, llev\u00f3 a cabo una jornada de informaci\u00f3n y reflexi\u00f3n con estudiantes del <strong data-start=\"574\" data-end=\"610\">Plantel CONALEP 101 de Zacualpan<\/strong>.<\/p>\n<p style=\"text-align: justify;\" data-start=\"613\" data-end=\"873\">Durante la visita, personal especializado ofreci\u00f3 la pl\u00e1tica <strong data-start=\"674\" data-end=\"710\">\u201cPrevenci\u00f3n del Sue\u00f1o Americano\u201d<\/strong>, con el objetivo de brindar una visi\u00f3n m\u00e1s realista sobre la migraci\u00f3n irregular, sus riesgos y las implicaciones personales, familiares y legales que representa.<\/p>\n<p style=\"text-align: justify;\" data-start=\"875\" data-end=\"1098\">La charla estuvo dirigida a <strong data-start=\"903\" data-end=\"949\">alumnas y alumnos del nivel medio superior<\/strong>, quienes participaron activamente y expresaron inquietudes sobre el fen\u00f3meno migratorio, lo que permiti\u00f3 un di\u00e1logo abierto, informado y respetuoso.<\/p>\n<p style=\"text-align: justify;\" data-start=\"1100\" data-end=\"1406\">Adem\u00e1s, en las instalaciones de la <strong data-start=\"1135\" data-end=\"1160\">Presidencia Municipal<\/strong>, el equipo de Atenci\u00f3n a Migrantes ofreci\u00f3 <strong data-start=\"1204\" data-end=\"1246\">asesor\u00eda personalizada a la ciudadan\u00eda<\/strong>, dando a conocer los servicios disponibles en materia de repatriaci\u00f3n, localizaci\u00f3n de personas, protecci\u00f3n consular y programas de apoyo a familias migrantes.<\/p>\n<p style=\"text-align: justify;\" data-start=\"1408\" data-end=\"1653\">Estas acciones forman parte del compromiso del municipio por generar <strong data-start=\"1477\" data-end=\"1533\">espacios de informaci\u00f3n, prevenci\u00f3n y acompa\u00f1amiento<\/strong> que permitan a las y los j\u00f3venes tomar decisiones con base en conocimiento, seguridad y respeto a sus derechos humanos.<\/p>\n","protected":false},"excerpt":{"rendered":"<p>Como parte de las acciones de prevenci\u00f3n y orientaci\u00f3n para las juventudes, el Gobierno Municipal de Zacualpan, en coordinaci\u00f3n con la Direcci\u00f3n de Atenci\u00f3n a Migrantes del Gobierno del Estado de Tlaxcala, llev\u00f3 a cabo una jornada de informaci\u00f3n y reflexi\u00f3n con estudiantes del Plantel CONALEP 101 de Zacualpan. Durante la visita, personal especializado ofreci\u00f3 [&hellip;]<\/p>\n","protected":false},"author":3,"featured_media":44463,"comment_status":"open","ping_status":"open","sticky":false,"template":"","format":"standard","meta":{"footnotes":""},"categories":[12],"tags":[],"class_list":["post-44462","post","type-post","status-publish","format-standard","has-post-thumbnail","hentry","category-brujula-2026"],"amp_enabled":true,"_links":{"self":[{"href":"https:\/\/labestiapolitica.com.mx\/index.php?rest_route=\/wp\/v2\/posts\/44462","targetHints":{"allow":["GET"]}}],"collection":[{"href":"https:\/\/labestiapolitica.com.mx\/index.php?rest_route=\/wp\/v2\/posts"}],"about":[{"href":"https:\/\/labestiapolitica.com.mx\/index.php?rest_route=\/wp\/v2\/types\/post"}],"author":[{"embeddable":true,"href":"https:\/\/labestiapolitica.com.mx\/index.php?rest_route=\/wp\/v2\/users\/3"}],"replies":[{"embeddable":true,"href":"https:\/\/labestiapolitica.com.mx\/index.php?rest_route=%2Fwp%2Fv2%2Fcomments&post=44462"}],"version-history":[{"count":1,"href":"https:\/\/labestiapolitica.com.mx\/index.php?rest_route=\/wp\/v2\/posts\/44462\/revisions"}],"predecessor-version":[{"id":44464,"href":"https:\/\/labestiapolitica.com.mx\/index.php?rest_route=\/wp\/v2\/posts\/44462\/revisions\/44464"}],"wp:featuredmedia":[{"embeddable":true,"href":"https:\/\/labestiapolitica.com.mx\/index.php?rest_route=\/wp\/v2\/media\/44463"}],"wp:attachment":[{"href":"https:\/\/labestiapolitica.com.mx\/index.php?rest_route=%2Fwp%2Fv2%2Fmedia&parent=44462"}],"wp:term":[{"taxonomy":"category","embeddable":true,"href":"https:\/\/labestiapolitica.com.mx\/index.php?rest_route=%2Fwp%2Fv2%2Fcategories&post=44462"},{"taxonomy":"post_tag","embeddable":true,"href":"https:\/\/labestiapolitica.com.mx\/index.php?rest_route=%2Fwp%2Fv2%2Ftags&post=44462"}],"curies":[{"name":"wp","href":"https:\/\/api.w.org\/{rel}","templated":true}]}}