{"id":44465,"date":"2025-06-14T09:40:47","date_gmt":"2025-06-14T15:40:47","guid":{"rendered":"https:\/\/labestiapolitica.com.mx\/?p=44465"},"modified":"2025-07-01T09:41:18","modified_gmt":"2025-07-01T15:41:18","slug":"%f0%9f%a7%ba-gobierno-de-zacualpan-entrega-productos-de-la-canasta-basica-para-fortalecer-la-economia-familiar","status":"publish","type":"post","link":"https:\/\/labestiapolitica.com.mx\/?p=44465","title":{"rendered":"\ud83e\uddfa Gobierno de Zacualpan entrega productos de la canasta b\u00e1sica para fortalecer la econom\u00eda familiar"},"content":{"rendered":"<p style=\"text-align: justify;\" data-start=\"239\" data-end=\"530\">Con el firme compromiso de apoyar la econom\u00eda de las familias y garantizar el acceso a alimentos esenciales, el Gobierno Municipal de <strong data-start=\"373\" data-end=\"399\">San Jer\u00f3nimo Zacualpan<\/strong> llev\u00f3 a cabo una nueva jornada de <strong data-start=\"434\" data-end=\"479\">entrega de productos de la canasta b\u00e1sica<\/strong>, beneficiando a numerosos hogares de la comunidad.<\/p>\n<p style=\"text-align: justify;\" data-start=\"532\" data-end=\"788\">Esta acci\u00f3n forma parte de la estrategia de bienestar social impulsada por la administraci\u00f3n municipal, que busca <strong data-start=\"646\" data-end=\"687\">fortalecer la solidaridad comunitaria<\/strong> y respaldar a los sectores m\u00e1s vulnerables ante el incremento en los costos de productos esenciales.<\/p>\n<p style=\"text-align: justify;\" data-start=\"790\" data-end=\"987\">Durante la entrega, se distribuyeron art\u00edculos alimenticios de primera necesidad, con el objetivo de aliviar la carga econ\u00f3mica de las familias zacualpenses y contribuir a su seguridad alimentaria.<\/p>\n<p style=\"text-align: justify;\" data-start=\"989\" data-end=\"1186\">El Gobierno Municipal reafirma as\u00ed su compromiso de trabajar con cercan\u00eda, acciones concretas y sentido humano, para construir un municipio donde el bienestar colectivo sea una realidad compartida.<\/p>\n","protected":false},"excerpt":{"rendered":"<p>Con el firme compromiso de apoyar la econom\u00eda de las familias y garantizar el acceso a alimentos esenciales, el Gobierno Municipal de San Jer\u00f3nimo Zacualpan llev\u00f3 a cabo una nueva jornada de entrega de productos de la canasta b\u00e1sica, beneficiando a numerosos hogares de la comunidad. Esta acci\u00f3n forma parte de la estrategia de bienestar [&hellip;]<\/p>\n","protected":false},"author":3,"featured_media":44466,"comment_status":"open","ping_status":"open","sticky":false,"template":"","format":"standard","meta":{"footnotes":""},"categories":[12],"tags":[],"class_list":["post-44465","post","type-post","status-publish","format-standard","has-post-thumbnail","hentry","category-brujula-2026"],"amp_enabled":true,"_links":{"self":[{"href":"https:\/\/labestiapolitica.com.mx\/index.php?rest_route=\/wp\/v2\/posts\/44465","targetHints":{"allow":["GET"]}}],"collection":[{"href":"https:\/\/labestiapolitica.com.mx\/index.php?rest_route=\/wp\/v2\/posts"}],"about":[{"href":"https:\/\/labestiapolitica.com.mx\/index.php?rest_route=\/wp\/v2\/types\/post"}],"author":[{"embeddable":true,"href":"https:\/\/labestiapolitica.com.mx\/index.php?rest_route=\/wp\/v2\/users\/3"}],"replies":[{"embeddable":true,"href":"https:\/\/labestiapolitica.com.mx\/index.php?rest_route=%2Fwp%2Fv2%2Fcomments&post=44465"}],"version-history":[{"count":1,"href":"https:\/\/labestiapolitica.com.mx\/index.php?rest_route=\/wp\/v2\/posts\/44465\/revisions"}],"predecessor-version":[{"id":44467,"href":"https:\/\/labestiapolitica.com.mx\/index.php?rest_route=\/wp\/v2\/posts\/44465\/revisions\/44467"}],"wp:featuredmedia":[{"embeddable":true,"href":"https:\/\/labestiapolitica.com.mx\/index.php?rest_route=\/wp\/v2\/media\/44466"}],"wp:attachment":[{"href":"https:\/\/labestiapolitica.com.mx\/index.php?rest_route=%2Fwp%2Fv2%2Fmedia&parent=44465"}],"wp:term":[{"taxonomy":"category","embeddable":true,"href":"https:\/\/labestiapolitica.com.mx\/index.php?rest_route=%2Fwp%2Fv2%2Fcategories&post=44465"},{"taxonomy":"post_tag","embeddable":true,"href":"https:\/\/labestiapolitica.com.mx\/index.php?rest_route=%2Fwp%2Fv2%2Ftags&post=44465"}],"curies":[{"name":"wp","href":"https:\/\/api.w.org\/{rel}","templated":true}]}}