{"id":45176,"date":"2025-07-13T16:43:02","date_gmt":"2025-07-13T22:43:02","guid":{"rendered":"https:\/\/labestiapolitica.com.mx\/?p=45176"},"modified":"2025-07-14T09:35:09","modified_gmt":"2025-07-14T15:35:09","slug":"%f0%9f%94%b4-se-desata-polemica-en-zacatelco-acusan-a-presidenta-trans-de-promover-concurso-de-besos-entre-alumnos-hay-una-denuncia-penal","status":"publish","type":"post","link":"https:\/\/labestiapolitica.com.mx\/?p=45176","title":{"rendered":"\ud83d\udd34 Se desata pol\u00e9mica en Zacatelco: acusan a presidenta trans de promover concurso de besos entre alumnos; Hay ya una denuncia penal"},"content":{"rendered":"<p style=\"text-align: justify;\" data-start=\"0\" data-end=\"109\">\ud83d\udd34 Se desata pol\u00e9mica en Zacatelco: acusan a presidenta trans de promover concurso de besos entre alumnos; Hay ya una denuncia penal\ud83d\udccc <em data-start=\"3\" data-end=\"152\" data-is-last-node=\"\">Valery Lorety denuncia campa\u00f1a de odio y violencia pol\u00edtica tras pol\u00e9mico video; acusa manipulaci\u00f3n medi\u00e1tica y presenta denuncia ante la Fiscal\u00eda General de Justicia.<\/em><\/p>\n<p style=\"text-align: justify;\" data-start=\"111\" data-end=\"418\">Fabiola M\u00c1RQUEZ\/#ViralVideos | Una ola de cr\u00edticas y una fuerte controversia se desataron en el municipio de Zacatelco, Tlaxcala, luego de que circulara en redes sociales un video grabado durante una convivencia escolar de alumnos de nivel secundaria, donde se observa un concurso de besos entre estudiantes del mismo sexo.<\/p>\n<p style=\"text-align: justify;\" data-start=\"420\" data-end=\"813\">El video fue captado durante una ceremonia en la escuela secundaria p\u00fablica \u201cIgnacio Manuel Altamirano\u201d, donde Valery Lorety \u2014presidenta de comunidad de la Secci\u00f3n Segunda de Zacatelco y activista trans\u2014 particip\u00f3 como madrina de generaci\u00f3n. En un fragmento del audiovisual, se escucha su voz sugiriendo \u201cbesos de lengua a lengua\u201d y finalmente declarando como ganadora a una pareja de varones.<\/p>\n<p style=\"text-align: justify;\" data-start=\"815\" data-end=\"1196\">El hecho ha causado indignaci\u00f3n en redes sociales, y se acusa que el evento promovi\u00f3 conductas inapropiadas entre menores de edad, adem\u00e1s, se\u00f1alaron que el tono del concurso fue \u201cgrotesco\u201d y que vulner\u00f3 los valores educativos de una instituci\u00f3n p\u00fablica en un municipio considerado de perfil conservador.<\/p>\n<p style=\"text-align: justify;\" data-start=\"1198\" data-end=\"1234\">\ud83d\udccc <strong data-start=\"1201\" data-end=\"1234\">La respuesta de Valery Lorety.\u00a0<\/strong><\/p>\n<p style=\"text-align: justify;\" data-start=\"1236\" data-end=\"1474\">Este domingo, Valery Lorety ofreci\u00f3 una conferencia de prensa en compa\u00f1\u00eda del diputado federal Jaime L\u00f3pez Vela \u2014integrante del movimiento LGBTIQ+\u2014 y Betuky Camacho, director de Diversidad Sexual de la Secretar\u00eda de Gobernaci\u00f3n en Puebla.<\/p>\n<p style=\"text-align: justify;\" data-start=\"1476\" data-end=\"1896\">En el encuentro con medios, Lorety se dijo v\u00edctima de una campa\u00f1a de odio orquestada en redes sociales y por medios \u201camarillistas\u201d, a los que acus\u00f3 de manipular informaci\u00f3n con fines de desprestigio.<\/p>\n<p style=\"text-align: justify;\" data-start=\"1476\" data-end=\"1896\">Rechaz\u00f3 categ\u00f3ricamente las acusaciones de haber promovido actos inapropiados y asegur\u00f3 que su intenci\u00f3n como madrina de generaci\u00f3n fue \u00fanicamente brindar un mensaje de inclusi\u00f3n y celebraci\u00f3n para las y los estudiantes.<\/p>\n<p style=\"text-align: justify;\" data-start=\"1476\" data-end=\"1896\">\u00a0Asimismo, revel\u00f3 que interpuso una denuncia penal ante la Fiscal\u00eda General de Justicia del Estado de Tlaxcala (carpeta FAllXt-1-712202) en contra de quienes o quienes resulten responsables, pero se\u00f1al\u00f3 directamente al periodista Gil N, por presunta <strong data-start=\"2133\" data-end=\"2174\">violencia pol\u00edtica en raz\u00f3n de g\u00e9nero<\/strong> y <strong data-start=\"2177\" data-end=\"2282\">difusi\u00f3n de contenido que atenta contra su dignidad e integridad como mujer trans y servidora p\u00fablica<\/strong>.<\/p>\n<p style=\"text-align: justify;\" data-start=\"2285\" data-end=\"2565\">\u201cEstoy siendo v\u00edctima de un linchamiento medi\u00e1tico y de discursos de odio. No solo intentan da\u00f1ar mi imagen pol\u00edtica, tambi\u00e9n buscan invalidarme como persona transg\u00e9nero. Levanto la voz porque tengo derecho a ejercer mi cargo en un ambiente libre de violencia, pido una disculpa a los padres de familia y las autoridades educativas sin comet\u00ed un error\u201d, afirm\u00f3 Lorety.<\/p>\n<p style=\"text-align: justify;\" data-start=\"2567\" data-end=\"2822\">\ud83d\udea8 El caso ha reavivado el debate p\u00fablico en Tlaxcala sobre los l\u00edmites de la libertad de expresi\u00f3n, la protecci\u00f3n de la ni\u00f1ez, la diversidad sexual y los derechos de las personas LGBTIQ+, en un contexto donde persisten resistencias culturales y sociales.<\/p>\n<p style=\"text-align: justify;\" data-start=\"2824\" data-end=\"2964\">\ud83d\udc40 Mientras tanto, la comunidad exige claridad de los hechos, la intervenci\u00f3n de autoridades educativas, y el deslinde de responsabilidades.<\/p>\n<p data-start=\"2824\" data-end=\"2964\">Hasta el momento, no hay una postura oficial de las autoridades educativas del plantel educativo; del secretario de Educaci\u00f3n P\u00fablica, Homero Meneses; y de la Comisi\u00f3n Estatal de Derechos Humanos de Tlaxcala (CEDH); y del propio Congreso del Estado.<\/p>\n<p data-start=\"2824\" data-end=\"2964\"><img loading=\"lazy\" decoding=\"async\" class=\"alignnone wp-image-45179 size-full\" src=\"https:\/\/labestiapolitica.com.mx\/wp-content\/uploads\/2025\/07\/Proyecto-nuevo-7.jpg\" alt=\"\" width=\"1000\" height=\"600\" srcset=\"https:\/\/labestiapolitica.com.mx\/wp-content\/uploads\/2025\/07\/Proyecto-nuevo-7.jpg 1000w, https:\/\/labestiapolitica.com.mx\/wp-content\/uploads\/2025\/07\/Proyecto-nuevo-7-300x180.jpg 300w, https:\/\/labestiapolitica.com.mx\/wp-content\/uploads\/2025\/07\/Proyecto-nuevo-7-768x461.jpg 768w\" sizes=\"auto, (max-width: 1000px) 100vw, 1000px\" \/> <img loading=\"lazy\" decoding=\"async\" class=\"alignnone wp-image-45180 size-full\" src=\"https:\/\/labestiapolitica.com.mx\/wp-content\/uploads\/2025\/07\/Proyecto-nuevo-6.jpg\" alt=\"\" width=\"1000\" height=\"600\" srcset=\"https:\/\/labestiapolitica.com.mx\/wp-content\/uploads\/2025\/07\/Proyecto-nuevo-6.jpg 1000w, https:\/\/labestiapolitica.com.mx\/wp-content\/uploads\/2025\/07\/Proyecto-nuevo-6-300x180.jpg 300w, https:\/\/labestiapolitica.com.mx\/wp-content\/uploads\/2025\/07\/Proyecto-nuevo-6-768x461.jpg 768w\" sizes=\"auto, (max-width: 1000px) 100vw, 1000px\" \/><\/p>\n","protected":false},"excerpt":{"rendered":"<p>\ud83d\udd34 Se desata pol\u00e9mica en Zacatelco: acusan a presidenta trans de promover concurso de besos entre alumnos; Hay ya una denuncia penal\ud83d\udccc Valery Lorety denuncia campa\u00f1a de odio y violencia pol\u00edtica tras pol\u00e9mico video; acusa manipulaci\u00f3n medi\u00e1tica y presenta denuncia ante la Fiscal\u00eda General de Justicia. Fabiola M\u00c1RQUEZ\/#ViralVideos | Una ola de cr\u00edticas y una [&hellip;]<\/p>\n","protected":false},"author":5,"featured_media":45177,"comment_status":"open","ping_status":"open","sticky":false,"template":"","format":"standard","meta":{"footnotes":""},"categories":[12],"tags":[],"class_list":["post-45176","post","type-post","status-publish","format-standard","has-post-thumbnail","hentry","category-brujula-2026"],"amp_enabled":true,"_links":{"self":[{"href":"https:\/\/labestiapolitica.com.mx\/index.php?rest_route=\/wp\/v2\/posts\/45176","targetHints":{"allow":["GET"]}}],"collection":[{"href":"https:\/\/labestiapolitica.com.mx\/index.php?rest_route=\/wp\/v2\/posts"}],"about":[{"href":"https:\/\/labestiapolitica.com.mx\/index.php?rest_route=\/wp\/v2\/types\/post"}],"author":[{"embeddable":true,"href":"https:\/\/labestiapolitica.com.mx\/index.php?rest_route=\/wp\/v2\/users\/5"}],"replies":[{"embeddable":true,"href":"https:\/\/labestiapolitica.com.mx\/index.php?rest_route=%2Fwp%2Fv2%2Fcomments&post=45176"}],"version-history":[{"count":6,"href":"https:\/\/labestiapolitica.com.mx\/index.php?rest_route=\/wp\/v2\/posts\/45176\/revisions"}],"predecessor-version":[{"id":45185,"href":"https:\/\/labestiapolitica.com.mx\/index.php?rest_route=\/wp\/v2\/posts\/45176\/revisions\/45185"}],"wp:featuredmedia":[{"embeddable":true,"href":"https:\/\/labestiapolitica.com.mx\/index.php?rest_route=\/wp\/v2\/media\/45177"}],"wp:attachment":[{"href":"https:\/\/labestiapolitica.com.mx\/index.php?rest_route=%2Fwp%2Fv2%2Fmedia&parent=45176"}],"wp:term":[{"taxonomy":"category","embeddable":true,"href":"https:\/\/labestiapolitica.com.mx\/index.php?rest_route=%2Fwp%2Fv2%2Fcategories&post=45176"},{"taxonomy":"post_tag","embeddable":true,"href":"https:\/\/labestiapolitica.com.mx\/index.php?rest_route=%2Fwp%2Fv2%2Ftags&post=45176"}],"curies":[{"name":"wp","href":"https:\/\/api.w.org\/{rel}","templated":true}]}}