{"id":45278,"date":"2025-07-15T18:38:55","date_gmt":"2025-07-16T00:38:55","guid":{"rendered":"https:\/\/labestiapolitica.com.mx\/?p=45278"},"modified":"2025-07-15T18:38:55","modified_gmt":"2025-07-16T00:38:55","slug":"reparan-coladera-en-la-esquina-de-antonio-diaz-varela-y-progreso-de-chiautempan","status":"publish","type":"post","link":"https:\/\/labestiapolitica.com.mx\/?p=45278","title":{"rendered":"Reparan coladera en la esquina de Antonio D\u00edaz Varela y Progreso de Chiautempan."},"content":{"rendered":"<p style=\"text-align: justify;\">El Gobierno Municipal de Chiautempan, a trav\u00e9s de la Direcci\u00f3n de Obras P\u00fablicas, llev\u00f3 a cabo trabajos de reparaci\u00f3n en la coladera ubicada en la esquina de la calle Antonio D\u00edaz Varela con Progreso, como parte de las acciones permanentes de mantenimiento urbano.<\/p>\n<p style=\"text-align: justify;\">La intervenci\u00f3n consisti\u00f3 en el retiro del brocal de concreto da\u00f1ado y la instalaci\u00f3n de un nuevo brocal de polietileno, un material m\u00e1s resistente y duradero que mejora la vialidad en la v\u00eda p\u00fablica para veh\u00edculos y peatones.<\/p>\n<p style=\"text-align: justify;\">Estas acciones tienen como objetivo mejorar el sistema de drenaje pluvial en la zona, adem\u00e1s de prevenir accidentes viales causados por da\u00f1os en la infraestructura urbana, sobre todo en temporada de lluvias.<\/p>\n<p style=\"text-align: justify;\">El Gobierno Municipal reitera su compromiso de continuar trabajando a favor de la ciudadan\u00eda, mediante trabajos constantes que permitan mantener en \u00f3ptimas condiciones los servicios p\u00fablicos en todo el municipio; asimismo hace un llamado a no tirar basura en la v\u00eda p\u00fablica ya que la acumulaci\u00f3n de desechos provoca obstrucci\u00f3n de la corriente de agua, inundaciones y afectaciones a la infraestructura.<\/p>\n<p>&nbsp;<\/p>\n<p><img loading=\"lazy\" decoding=\"async\" class=\"alignnone size-full wp-image-28405\" src=\"https:\/\/labestiapolitica.com.mx\/wp-content\/uploads\/2024\/06\/U-NOVA-y-se-diferente.png\" alt=\"\" width=\"1000\" height=\"600\" srcset=\"https:\/\/labestiapolitica.com.mx\/wp-content\/uploads\/2024\/06\/U-NOVA-y-se-diferente.png 1000w, https:\/\/labestiapolitica.com.mx\/wp-content\/uploads\/2024\/06\/U-NOVA-y-se-diferente-300x180.png 300w, https:\/\/labestiapolitica.com.mx\/wp-content\/uploads\/2024\/06\/U-NOVA-y-se-diferente-768x461.png 768w\" sizes=\"auto, (max-width: 1000px) 100vw, 1000px\" \/><\/p>\n","protected":false},"excerpt":{"rendered":"<p>El Gobierno Municipal de Chiautempan, a trav\u00e9s de la Direcci\u00f3n de Obras P\u00fablicas, llev\u00f3 a cabo trabajos de reparaci\u00f3n en la coladera ubicada en la esquina de la calle Antonio D\u00edaz Varela con Progreso, como parte de las acciones permanentes de mantenimiento urbano. La intervenci\u00f3n consisti\u00f3 en el retiro del brocal de concreto da\u00f1ado y [&hellip;]<\/p>\n","protected":false},"author":3,"featured_media":45279,"comment_status":"open","ping_status":"open","sticky":false,"template":"","format":"standard","meta":{"footnotes":""},"categories":[215,7,216],"tags":[],"class_list":["post-45278","post","type-post","status-publish","format-standard","has-post-thumbnail","hentry","category-chiautempan","category-ciudadanos","category-municipios"],"amp_enabled":true,"_links":{"self":[{"href":"https:\/\/labestiapolitica.com.mx\/index.php?rest_route=\/wp\/v2\/posts\/45278","targetHints":{"allow":["GET"]}}],"collection":[{"href":"https:\/\/labestiapolitica.com.mx\/index.php?rest_route=\/wp\/v2\/posts"}],"about":[{"href":"https:\/\/labestiapolitica.com.mx\/index.php?rest_route=\/wp\/v2\/types\/post"}],"author":[{"embeddable":true,"href":"https:\/\/labestiapolitica.com.mx\/index.php?rest_route=\/wp\/v2\/users\/3"}],"replies":[{"embeddable":true,"href":"https:\/\/labestiapolitica.com.mx\/index.php?rest_route=%2Fwp%2Fv2%2Fcomments&post=45278"}],"version-history":[{"count":1,"href":"https:\/\/labestiapolitica.com.mx\/index.php?rest_route=\/wp\/v2\/posts\/45278\/revisions"}],"predecessor-version":[{"id":45280,"href":"https:\/\/labestiapolitica.com.mx\/index.php?rest_route=\/wp\/v2\/posts\/45278\/revisions\/45280"}],"wp:featuredmedia":[{"embeddable":true,"href":"https:\/\/labestiapolitica.com.mx\/index.php?rest_route=\/wp\/v2\/media\/45279"}],"wp:attachment":[{"href":"https:\/\/labestiapolitica.com.mx\/index.php?rest_route=%2Fwp%2Fv2%2Fmedia&parent=45278"}],"wp:term":[{"taxonomy":"category","embeddable":true,"href":"https:\/\/labestiapolitica.com.mx\/index.php?rest_route=%2Fwp%2Fv2%2Fcategories&post=45278"},{"taxonomy":"post_tag","embeddable":true,"href":"https:\/\/labestiapolitica.com.mx\/index.php?rest_route=%2Fwp%2Fv2%2Ftags&post=45278"}],"curies":[{"name":"wp","href":"https:\/\/api.w.org\/{rel}","templated":true}]}}