{"id":45281,"date":"2025-07-15T18:45:22","date_gmt":"2025-07-16T00:45:22","guid":{"rendered":"https:\/\/labestiapolitica.com.mx\/?p=45281"},"modified":"2025-07-15T18:45:22","modified_gmt":"2025-07-16T00:45:22","slug":"espacios-gratuitos-para-artesanos-importante-para-revalorizar-su-trabajo-blanca-angulo","status":"publish","type":"post","link":"https:\/\/labestiapolitica.com.mx\/?p=45281","title":{"rendered":"Espacios gratuitos para artesanos, importante para revalorizar su trabajo: Blanca Angulo."},"content":{"rendered":"<p style=\"text-align: justify;\">Como parte de su compromiso con el fortalecimiento del sector artesanal, el Gobierno Municipal de Chiautempan ofrecer\u00e1 espacios gratuitos para que artesanos chiautempenses y de otros municipios exhiban y vendan sus productos durante la Feria Nacional del Sarape 2025.<\/p>\n<p style=\"text-align: justify;\">La presidenta municipal, Blanca Angulo Meneses, destac\u00f3 que esta medida tiene como finalidad apoyar la econom\u00eda de los creadores, dar visibilidad a su talento y revalorar el trabajo hecho a mano. \u201cQueremos que los artesanos tengan un espacio justo y digno para mostrar su talento, pero tambi\u00e9n invitamos a la ciudadan\u00eda a reconocer su esfuerzo pagando precios justos y evitando pedir descuentos que desvalorizan su labor\u201d, expres\u00f3.<\/p>\n<p style=\"text-align: justify;\">La convocatoria est\u00e1 abierta a todas las personas dedicadas a la elaboraci\u00f3n de productos artesanales que deseen participar, sin ning\u00fan costo por el uso del espacio.<\/p>\n<p style=\"text-align: justify;\">Para mayores informes y registro, pueden comunicarse al 246 211 2913 o consultar las bases en la p\u00e1gina oficial del Ayuntamiento.<\/p>\n<p>&nbsp;<\/p>\n<p><img loading=\"lazy\" decoding=\"async\" class=\"alignnone size-full wp-image-28405\" src=\"https:\/\/labestiapolitica.com.mx\/wp-content\/uploads\/2024\/06\/U-NOVA-y-se-diferente.png\" alt=\"\" width=\"1000\" height=\"600\" srcset=\"https:\/\/labestiapolitica.com.mx\/wp-content\/uploads\/2024\/06\/U-NOVA-y-se-diferente.png 1000w, https:\/\/labestiapolitica.com.mx\/wp-content\/uploads\/2024\/06\/U-NOVA-y-se-diferente-300x180.png 300w, https:\/\/labestiapolitica.com.mx\/wp-content\/uploads\/2024\/06\/U-NOVA-y-se-diferente-768x461.png 768w\" sizes=\"auto, (max-width: 1000px) 100vw, 1000px\" \/><\/p>\n","protected":false},"excerpt":{"rendered":"<p>Como parte de su compromiso con el fortalecimiento del sector artesanal, el Gobierno Municipal de Chiautempan ofrecer\u00e1 espacios gratuitos para que artesanos chiautempenses y de otros municipios exhiban y vendan sus productos durante la Feria Nacional del Sarape 2025. La presidenta municipal, Blanca Angulo Meneses, destac\u00f3 que esta medida tiene como finalidad apoyar la econom\u00eda [&hellip;]<\/p>\n","protected":false},"author":3,"featured_media":45282,"comment_status":"open","ping_status":"open","sticky":false,"template":"","format":"standard","meta":{"footnotes":""},"categories":[215,7,216],"tags":[],"class_list":["post-45281","post","type-post","status-publish","format-standard","has-post-thumbnail","hentry","category-chiautempan","category-ciudadanos","category-municipios"],"amp_enabled":true,"_links":{"self":[{"href":"https:\/\/labestiapolitica.com.mx\/index.php?rest_route=\/wp\/v2\/posts\/45281","targetHints":{"allow":["GET"]}}],"collection":[{"href":"https:\/\/labestiapolitica.com.mx\/index.php?rest_route=\/wp\/v2\/posts"}],"about":[{"href":"https:\/\/labestiapolitica.com.mx\/index.php?rest_route=\/wp\/v2\/types\/post"}],"author":[{"embeddable":true,"href":"https:\/\/labestiapolitica.com.mx\/index.php?rest_route=\/wp\/v2\/users\/3"}],"replies":[{"embeddable":true,"href":"https:\/\/labestiapolitica.com.mx\/index.php?rest_route=%2Fwp%2Fv2%2Fcomments&post=45281"}],"version-history":[{"count":1,"href":"https:\/\/labestiapolitica.com.mx\/index.php?rest_route=\/wp\/v2\/posts\/45281\/revisions"}],"predecessor-version":[{"id":45283,"href":"https:\/\/labestiapolitica.com.mx\/index.php?rest_route=\/wp\/v2\/posts\/45281\/revisions\/45283"}],"wp:featuredmedia":[{"embeddable":true,"href":"https:\/\/labestiapolitica.com.mx\/index.php?rest_route=\/wp\/v2\/media\/45282"}],"wp:attachment":[{"href":"https:\/\/labestiapolitica.com.mx\/index.php?rest_route=%2Fwp%2Fv2%2Fmedia&parent=45281"}],"wp:term":[{"taxonomy":"category","embeddable":true,"href":"https:\/\/labestiapolitica.com.mx\/index.php?rest_route=%2Fwp%2Fv2%2Fcategories&post=45281"},{"taxonomy":"post_tag","embeddable":true,"href":"https:\/\/labestiapolitica.com.mx\/index.php?rest_route=%2Fwp%2Fv2%2Ftags&post=45281"}],"curies":[{"name":"wp","href":"https:\/\/api.w.org\/{rel}","templated":true}]}}