{"id":45317,"date":"2025-07-16T16:21:17","date_gmt":"2025-07-16T22:21:17","guid":{"rendered":"https:\/\/labestiapolitica.com.mx\/?p=45317"},"modified":"2025-07-20T23:22:39","modified_gmt":"2025-07-21T05:22:39","slug":"zacatelco-cabildo-exhorta-a-valeria-lorety-a-separarse-del-cargo-mientras-la-cedh-investiga-ella-se-niega","status":"publish","type":"post","link":"https:\/\/labestiapolitica.com.mx\/?p=45317","title":{"rendered":"\u00a0Zacatelco: Cabildo exhorta a Valeria Lorety a separarse del cargo mientras la CEDH investiga; ella se niega"},"content":{"rendered":"<p style=\"text-align: justify;\" data-start=\"258\" data-end=\"749\"><strong data-start=\"258\" data-end=\"299\">Fabiola M\u00c1RQUEZ\/Zacatelco, Tlax., 16 de julio de 2025<\/strong>. \u2013En medio de la creciente presi\u00f3n social y pol\u00edtica derivada de la pol\u00e9mica surgida por una din\u00e1mica escolar en la que participaron alumnos menores de edad en un concurso de besos, integrantes del cabildo de Zacatelco sesionaron, en presencia de la presidenta de comunidad, Valeria L<strong data-start=\"557\" data-end=\"575\">orety <\/strong>para solicitarle pidiera permiso, en tanto se desarrolla la investigaci\u00f3n de la Comisi\u00f3n Estatal de Derechos Humanos de Tlaxcala (CEDH), sin embargo, ella se neg\u00f3 a separarse del cargo.<\/p>\n<p style=\"text-align: justify;\" data-start=\"1070\" data-end=\"1528\">La investigaci\u00f3n en curso de la CEDH fue motivada por un video difundido en redes sociales, donde se observa una actividad escolar \u2014impulsada por Valeria L<strong data-start=\"557\" data-end=\"575\">orety\u00a0<\/strong> en su papel de madrina de generaci\u00f3n\u2014 durante la clausura de la secundaria \u201cIgnacio Manuel Altamirano\u201d, en la que adolescentes participaron en un presunto \u201cconcurso de besos\u201d entre estudiantes del mismo sexo. En el video se escucha su voz promoviendo dicha din\u00e1mica y nombrando ganadores, lo que desat\u00f3 controversia.<\/p>\n<p style=\"text-align: justify;\" data-start=\"1641\" data-end=\"1948\">El 14 de julio, la <strong data-start=\"1660\" data-end=\"1677\">CEDH Tlaxcala<\/strong> emiti\u00f3 un posicionamiento institucional en el que subray\u00f3 la obligaci\u00f3n de las autoridades p\u00fablicas de garantizar el <strong data-start=\"1795\" data-end=\"1864\">respeto irrestricto a los derechos de ni\u00f1as, ni\u00f1os y adolescentes<\/strong>, as\u00ed como la <strong data-start=\"1878\" data-end=\"1911\">responsabilidad institucional<\/strong> al intervenir en espacios escolares.<\/p>\n<p style=\"text-align: justify;\" data-start=\"1950\" data-end=\"2136\">El organismo inform\u00f3 que abri\u00f3 el expediente <strong data-start=\"1995\" data-end=\"2017\">CEDHT\/VEGT\/20\/2025<\/strong>, a trav\u00e9s de su Visitadur\u00eda Especializada en Asuntos de G\u00e9nero y Contra la Trata de Personas, para investigar el caso.<\/p>\n<p style=\"text-align: justify;\" data-start=\"2138\" data-end=\"2367\">Asimismo, record\u00f3 que cualquier din\u00e1mica dirigida a adolescentes debe desarrollarse bajo el enfoque de <strong data-start=\"2241\" data-end=\"2264\">protecci\u00f3n integral<\/strong> y <strong data-start=\"2267\" data-end=\"2302\">entornos de confianza y respeto<\/strong>, evitando interpretaciones que vulneren su desarrollo emocional.<\/p>\n<p style=\"text-align: justify;\" data-start=\"2959\" data-end=\"3359\">Por su parte, el <strong data-start=\"2976\" data-end=\"3022\">secretario de Educaci\u00f3n P\u00fablica del Estado<\/strong>, <strong data-start=\"3024\" data-end=\"3052\">Homero Meneses Hern\u00e1ndez<\/strong>, fij\u00f3 una postura contundente: \u201cNing\u00fan acto dentro del sistema educativo debe vulnerar la dignidad de la ni\u00f1ez\u201d, afirm\u00f3. Al mismo tiempo, <strong data-start=\"3191\" data-end=\"3224\">conden\u00f3 los discursos de odio<\/strong>, llam\u00f3 a evitar la discriminaci\u00f3n bajo el argumento de proteger a la infancia, y pidi\u00f3 a las instituciones actuar con responsabilidad.<\/p>\n<p style=\"text-align: justify;\" data-start=\"3361\" data-end=\"3538\">\u201cEl bienestar emocional de las y los estudiantes debe ser prioridad. La transformaci\u00f3n tambi\u00e9n implica corregir rumbos y fortalecer la confianza en las instituciones\u201d, concluy\u00f3.<\/p>\n<p style=\"text-align: justify;\" data-start=\"2138\" data-end=\"2367\">En tanto, Valery Lorety denunci\u00f3 persecuci\u00f3n pol\u00edtica y rechaz\u00f3 las acusaciones en su contra y asegur\u00f3 ser v\u00edctima de <strong data-start=\"2612\" data-end=\"2658\">manipulaci\u00f3n medi\u00e1tica con fines pol\u00edticos.<\/strong><\/p>\n<p style=\"text-align: justify;\" data-start=\"2138\" data-end=\"2367\">Adem\u00e1s, confirm\u00f3 haber presentado una <strong data-start=\"2814\" data-end=\"2874\">denuncia ante la Fiscal\u00eda General de Justicia del Estado<\/strong> por violencia pol\u00edtica en raz\u00f3n de g\u00e9nero, se\u00f1alando directamente a un periodista.<\/p>\n<p style=\"text-align: justify;\" data-start=\"3361\" data-end=\"3538\">\n","protected":false},"excerpt":{"rendered":"<p>Fabiola M\u00c1RQUEZ\/Zacatelco, Tlax., 16 de julio de 2025. \u2013En medio de la creciente presi\u00f3n social y pol\u00edtica derivada de la pol\u00e9mica surgida por una din\u00e1mica escolar en la que participaron alumnos menores de edad en un concurso de besos, integrantes del cabildo de Zacatelco sesionaron, en presencia de la presidenta de comunidad, Valeria Lorety para [&hellip;]<\/p>\n","protected":false},"author":5,"featured_media":45180,"comment_status":"open","ping_status":"open","sticky":false,"template":"","format":"standard","meta":{"footnotes":""},"categories":[12],"tags":[],"class_list":["post-45317","post","type-post","status-publish","format-standard","has-post-thumbnail","hentry","category-brujula-2026"],"amp_enabled":true,"_links":{"self":[{"href":"https:\/\/labestiapolitica.com.mx\/index.php?rest_route=\/wp\/v2\/posts\/45317","targetHints":{"allow":["GET"]}}],"collection":[{"href":"https:\/\/labestiapolitica.com.mx\/index.php?rest_route=\/wp\/v2\/posts"}],"about":[{"href":"https:\/\/labestiapolitica.com.mx\/index.php?rest_route=\/wp\/v2\/types\/post"}],"author":[{"embeddable":true,"href":"https:\/\/labestiapolitica.com.mx\/index.php?rest_route=\/wp\/v2\/users\/5"}],"replies":[{"embeddable":true,"href":"https:\/\/labestiapolitica.com.mx\/index.php?rest_route=%2Fwp%2Fv2%2Fcomments&post=45317"}],"version-history":[{"count":1,"href":"https:\/\/labestiapolitica.com.mx\/index.php?rest_route=\/wp\/v2\/posts\/45317\/revisions"}],"predecessor-version":[{"id":45318,"href":"https:\/\/labestiapolitica.com.mx\/index.php?rest_route=\/wp\/v2\/posts\/45317\/revisions\/45318"}],"wp:featuredmedia":[{"embeddable":true,"href":"https:\/\/labestiapolitica.com.mx\/index.php?rest_route=\/wp\/v2\/media\/45180"}],"wp:attachment":[{"href":"https:\/\/labestiapolitica.com.mx\/index.php?rest_route=%2Fwp%2Fv2%2Fmedia&parent=45317"}],"wp:term":[{"taxonomy":"category","embeddable":true,"href":"https:\/\/labestiapolitica.com.mx\/index.php?rest_route=%2Fwp%2Fv2%2Fcategories&post=45317"},{"taxonomy":"post_tag","embeddable":true,"href":"https:\/\/labestiapolitica.com.mx\/index.php?rest_route=%2Fwp%2Fv2%2Ftags&post=45317"}],"curies":[{"name":"wp","href":"https:\/\/api.w.org\/{rel}","templated":true}]}}