{"id":45322,"date":"2025-07-16T17:46:50","date_gmt":"2025-07-16T23:46:50","guid":{"rendered":"https:\/\/labestiapolitica.com.mx\/?p=45322"},"modified":"2025-07-20T23:22:21","modified_gmt":"2025-07-21T05:22:21","slug":"%f0%9f%9a%a7-inicia-pavimentacion-total-de-la-calle-1o-de-mayo-en-zona-infonavit-de-tetla","status":"publish","type":"post","link":"https:\/\/labestiapolitica.com.mx\/?p=45322","title":{"rendered":"\ud83d\udea7 Inicia pavimentaci\u00f3n total de la calle 1\u00ba de Mayo en zona Infonavit de Tetla"},"content":{"rendered":"<p data-start=\"0\" data-end=\"83\">\ud83d\udea7 <em data-start=\"3\" data-end=\"55\">\u00a1La transformaci\u00f3n de Tetla avanza con paso firme!<\/em> \ud83d\udee3\ufe0f<\/p>\n<p data-start=\"85\" data-end=\"117\"><em data-start=\"85\" data-end=\"117\">Redacci\u00f3n | La Bestia Pol\u00edtica<\/em><\/p>\n<p data-start=\"119\" data-end=\"427\">Tetla de la Solidaridad, Tlax. \u2013 Con el banderazo oficial por parte del presidente municipal Lic. Giovani Montiel L\u00f3pez, comenzaron los trabajos de pavimentaci\u00f3n total de la calle 1\u00ba de Mayo, ubicada en la zona del Infonavit, una de las vialidades m\u00e1s transitadas y con mayor demanda ciudadana del municipio.<\/p>\n<p data-start=\"429\" data-end=\"715\">Acompa\u00f1ado de su esposa, la Mtra. Gabriela Mac\u00edas Barranco, as\u00ed como de integrantes del Ayuntamiento, el alcalde dio inicio a esta obra que contempla m\u00e1s de 5 mil metros cuadrados de carpeta asf\u00e1ltica, lo que permitir\u00e1 una transformaci\u00f3n significativa en la movilidad urbana de la zona.<\/p>\n<p data-start=\"717\" data-end=\"906\">Durante el evento, Montiel L\u00f3pez destac\u00f3 que esta intervenci\u00f3n responde a una demanda hist\u00f3rica de las familias tetlenses y representa un paso m\u00e1s en la mejora de la infraestructura urbana:<\/p>\n<blockquote data-start=\"908\" data-end=\"1275\">\n<p data-start=\"910\" data-end=\"1275\">\u201cEstamos cumpliendo con una petici\u00f3n largamente esperada. Esta obra no solo mejora la imagen urbana, sino que garantiza seguridad y bienestar para quienes transitan diariamente por aqu\u00ed. La transformaci\u00f3n de Tetla est\u00e1 en marcha y no se detiene. Con paso firme seguimos construyendo un municipio con mejores condiciones de vida para todas y todos\u201d, subray\u00f3 el edil.<\/p>\n<\/blockquote>\n<p data-start=\"1277\" data-end=\"1497\">La calle 1\u00ba de Mayo es una de las arterias clave de la zona habitacional Infonavit, y su rehabilitaci\u00f3n integral impactar\u00e1 directamente en la calidad de vida de cientos de familias, as\u00ed como en el flujo vehicular diario.<\/p>\n","protected":false},"excerpt":{"rendered":"<p>\ud83d\udea7 \u00a1La transformaci\u00f3n de Tetla avanza con paso firme! \ud83d\udee3\ufe0f Redacci\u00f3n | La Bestia Pol\u00edtica Tetla de la Solidaridad, Tlax. \u2013 Con el banderazo oficial por parte del presidente municipal Lic. Giovani Montiel L\u00f3pez, comenzaron los trabajos de pavimentaci\u00f3n total de la calle 1\u00ba de Mayo, ubicada en la zona del Infonavit, una de las [&hellip;]<\/p>\n","protected":false},"author":3,"featured_media":45323,"comment_status":"open","ping_status":"open","sticky":false,"template":"","format":"standard","meta":{"footnotes":""},"categories":[12,216,227],"tags":[],"class_list":["post-45322","post","type-post","status-publish","format-standard","has-post-thumbnail","hentry","category-brujula-2026","category-municipios","category-tetla"],"amp_enabled":true,"_links":{"self":[{"href":"https:\/\/labestiapolitica.com.mx\/index.php?rest_route=\/wp\/v2\/posts\/45322","targetHints":{"allow":["GET"]}}],"collection":[{"href":"https:\/\/labestiapolitica.com.mx\/index.php?rest_route=\/wp\/v2\/posts"}],"about":[{"href":"https:\/\/labestiapolitica.com.mx\/index.php?rest_route=\/wp\/v2\/types\/post"}],"author":[{"embeddable":true,"href":"https:\/\/labestiapolitica.com.mx\/index.php?rest_route=\/wp\/v2\/users\/3"}],"replies":[{"embeddable":true,"href":"https:\/\/labestiapolitica.com.mx\/index.php?rest_route=%2Fwp%2Fv2%2Fcomments&post=45322"}],"version-history":[{"count":1,"href":"https:\/\/labestiapolitica.com.mx\/index.php?rest_route=\/wp\/v2\/posts\/45322\/revisions"}],"predecessor-version":[{"id":45324,"href":"https:\/\/labestiapolitica.com.mx\/index.php?rest_route=\/wp\/v2\/posts\/45322\/revisions\/45324"}],"wp:featuredmedia":[{"embeddable":true,"href":"https:\/\/labestiapolitica.com.mx\/index.php?rest_route=\/wp\/v2\/media\/45323"}],"wp:attachment":[{"href":"https:\/\/labestiapolitica.com.mx\/index.php?rest_route=%2Fwp%2Fv2%2Fmedia&parent=45322"}],"wp:term":[{"taxonomy":"category","embeddable":true,"href":"https:\/\/labestiapolitica.com.mx\/index.php?rest_route=%2Fwp%2Fv2%2Fcategories&post=45322"},{"taxonomy":"post_tag","embeddable":true,"href":"https:\/\/labestiapolitica.com.mx\/index.php?rest_route=%2Fwp%2Fv2%2Ftags&post=45322"}],"curies":[{"name":"wp","href":"https:\/\/api.w.org\/{rel}","templated":true}]}}