{"id":45328,"date":"2025-07-16T18:20:30","date_gmt":"2025-07-17T00:20:30","guid":{"rendered":"https:\/\/labestiapolitica.com.mx\/?p=45328"},"modified":"2025-07-16T18:20:30","modified_gmt":"2025-07-17T00:20:30","slug":"realizan-con-exito-en-zacualpan-el-taller-el-cuidado-en-la-tercera-edad","status":"publish","type":"post","link":"https:\/\/labestiapolitica.com.mx\/?p=45328","title":{"rendered":"Realizan con \u00e9xito en Zacualpan el taller \u201cEl cuidado en la tercera edad\u201d."},"content":{"rendered":"<p style=\"text-align: justify;\">Zacualpan, a 16\/07\/2015<\/p>\n<p style=\"text-align: justify;\">Con el objetivo de fortalecer la atenci\u00f3n y el respeto hacia las personas adultas mayores, el gobierno municipal de Zacualpan a trav\u00e9s del Instituto Municipal de la Mujer, el Sistema Municipal DIF, y Casa de D\u00eda en coordinaci\u00f3n con el Centro Libre Regional Zacatelco, se realiz\u00f3 con \u00e9xito el taller \u201cEl cuidado en la tercera edad\u201d.<\/p>\n<p style=\"text-align: justify;\">Durante la jornada se brindaron herramientas y conocimientos clave para garantizar una atenci\u00f3n adecuada, respetuosa y libre de violencias hacia las personas mayores, reconociendo sus necesidades, derechos y dignidad.<\/p>\n<p style=\"text-align: justify;\">El taller tambi\u00e9n fue un espacio de expresi\u00f3n y reflexi\u00f3n, en el que las integrantes de la Casa de D\u00eda compartieron sus experiencias sociales y emocionales, enriqueciendo el di\u00e1logo intergeneracional y visibilizando el valor de su sabidur\u00eda de vida.<\/p>\n<p style=\"text-align: justify;\">Las autoridades municipales reafirmaron su compromiso con el bienestar y la inclusi\u00f3n de las personas mayores, destacando la importancia de construir una sociedad que respete y cuide a quienes han forjado el municipio.<\/p>\n<p style=\"text-align: justify;\">La presidenta municipal, Sandra Corona Padilla, destac\u00f3 que su administraci\u00f3n est\u00e1 implementando acciones y actividades en beneficio de las personas de la tercera edad, reconociendo as\u00ed su esfuerzo y contribuci\u00f3n al desarrollo de un municipio con ciudadanos trabajadores.<\/p>\n<p>&nbsp;<\/p>\n<p><img loading=\"lazy\" decoding=\"async\" class=\"alignnone wp-image-28405 size-full\" src=\"https:\/\/labestiapolitica.com.mx\/wp-content\/uploads\/2024\/06\/U-NOVA-y-se-diferente.png\" alt=\"\" width=\"1000\" height=\"600\" srcset=\"https:\/\/labestiapolitica.com.mx\/wp-content\/uploads\/2024\/06\/U-NOVA-y-se-diferente.png 1000w, https:\/\/labestiapolitica.com.mx\/wp-content\/uploads\/2024\/06\/U-NOVA-y-se-diferente-300x180.png 300w, https:\/\/labestiapolitica.com.mx\/wp-content\/uploads\/2024\/06\/U-NOVA-y-se-diferente-768x461.png 768w\" sizes=\"auto, (max-width: 1000px) 100vw, 1000px\" \/><\/p>\n","protected":false},"excerpt":{"rendered":"<p>Zacualpan, a 16\/07\/2015 Con el objetivo de fortalecer la atenci\u00f3n y el respeto hacia las personas adultas mayores, el gobierno municipal de Zacualpan a trav\u00e9s del Instituto Municipal de la Mujer, el Sistema Municipal DIF, y Casa de D\u00eda en coordinaci\u00f3n con el Centro Libre Regional Zacatelco, se realiz\u00f3 con \u00e9xito el taller \u201cEl cuidado [&hellip;]<\/p>\n","protected":false},"author":5,"featured_media":45329,"comment_status":"open","ping_status":"open","sticky":false,"template":"","format":"standard","meta":{"footnotes":""},"categories":[7,216],"tags":[],"class_list":["post-45328","post","type-post","status-publish","format-standard","has-post-thumbnail","hentry","category-ciudadanos","category-municipios"],"amp_enabled":true,"_links":{"self":[{"href":"https:\/\/labestiapolitica.com.mx\/index.php?rest_route=\/wp\/v2\/posts\/45328","targetHints":{"allow":["GET"]}}],"collection":[{"href":"https:\/\/labestiapolitica.com.mx\/index.php?rest_route=\/wp\/v2\/posts"}],"about":[{"href":"https:\/\/labestiapolitica.com.mx\/index.php?rest_route=\/wp\/v2\/types\/post"}],"author":[{"embeddable":true,"href":"https:\/\/labestiapolitica.com.mx\/index.php?rest_route=\/wp\/v2\/users\/5"}],"replies":[{"embeddable":true,"href":"https:\/\/labestiapolitica.com.mx\/index.php?rest_route=%2Fwp%2Fv2%2Fcomments&post=45328"}],"version-history":[{"count":1,"href":"https:\/\/labestiapolitica.com.mx\/index.php?rest_route=\/wp\/v2\/posts\/45328\/revisions"}],"predecessor-version":[{"id":45330,"href":"https:\/\/labestiapolitica.com.mx\/index.php?rest_route=\/wp\/v2\/posts\/45328\/revisions\/45330"}],"wp:featuredmedia":[{"embeddable":true,"href":"https:\/\/labestiapolitica.com.mx\/index.php?rest_route=\/wp\/v2\/media\/45329"}],"wp:attachment":[{"href":"https:\/\/labestiapolitica.com.mx\/index.php?rest_route=%2Fwp%2Fv2%2Fmedia&parent=45328"}],"wp:term":[{"taxonomy":"category","embeddable":true,"href":"https:\/\/labestiapolitica.com.mx\/index.php?rest_route=%2Fwp%2Fv2%2Fcategories&post=45328"},{"taxonomy":"post_tag","embeddable":true,"href":"https:\/\/labestiapolitica.com.mx\/index.php?rest_route=%2Fwp%2Fv2%2Ftags&post=45328"}],"curies":[{"name":"wp","href":"https:\/\/api.w.org\/{rel}","templated":true}]}}