{"id":45482,"date":"2025-07-18T15:39:32","date_gmt":"2025-07-18T21:39:32","guid":{"rendered":"https:\/\/labestiapolitica.com.mx\/?p=45482"},"modified":"2025-07-20T23:19:33","modified_gmt":"2025-07-21T05:19:33","slug":"primaria-bilingue-indigena-clausura-ciclo-escolar-2024-2025","status":"publish","type":"post","link":"https:\/\/labestiapolitica.com.mx\/?p=45482","title":{"rendered":"Primaria Biling\u00fce Ind\u00edgena clausura ciclo escolar 2024\u20132025."},"content":{"rendered":"<p style=\"text-align: justify;\">A. J. HDEZ. SOSA<\/p>\n<p style=\"text-align: justify;\">La escuela primaria biling\u00fce ind\u00edgena Coyolxauhqui efectu\u00f3 el pasado 14 de julio la ceremonia de graduaci\u00f3n de su generaci\u00f3n de alumnos 2019-2025, siendo cuarenta y dos alumnos que esta instituci\u00f3n formo en su educaci\u00f3n primaria y que ahora continuaran su proyecto educativo en otras instituciones educativas.<\/p>\n<p style=\"text-align: justify;\">El evento dio inicio con los honores al l\u00e1baro patrio, as\u00ed como el tradicional y emotivo cambio de escolta, para dar paso a entonar con cantos de alegr\u00eda y jubilo en idioma n\u00e1huatl, el himno nacional mexicano como el himno a nuestra patria chica de Tlaxcala.<\/p>\n<p><img loading=\"lazy\" decoding=\"async\" class=\"aligncenter wp-image-45485 size-medium\" src=\"https:\/\/labestiapolitica.com.mx\/wp-content\/uploads\/2025\/07\/Imagen-de-WhatsApp-2025-07-18-a-las-13.27.03_f0eec481-300x274.jpg\" alt=\"\" width=\"300\" height=\"274\" srcset=\"https:\/\/labestiapolitica.com.mx\/wp-content\/uploads\/2025\/07\/Imagen-de-WhatsApp-2025-07-18-a-las-13.27.03_f0eec481-300x274.jpg 300w, https:\/\/labestiapolitica.com.mx\/wp-content\/uploads\/2025\/07\/Imagen-de-WhatsApp-2025-07-18-a-las-13.27.03_f0eec481-1024x935.jpg 1024w, https:\/\/labestiapolitica.com.mx\/wp-content\/uploads\/2025\/07\/Imagen-de-WhatsApp-2025-07-18-a-las-13.27.03_f0eec481-768x701.jpg 768w, https:\/\/labestiapolitica.com.mx\/wp-content\/uploads\/2025\/07\/Imagen-de-WhatsApp-2025-07-18-a-las-13.27.03_f0eec481-1536x1402.jpg 1536w, https:\/\/labestiapolitica.com.mx\/wp-content\/uploads\/2025\/07\/Imagen-de-WhatsApp-2025-07-18-a-las-13.27.03_f0eec481.jpg 1585w\" sizes=\"auto, (max-width: 300px) 100vw, 300px\" \/><\/p>\n<p style=\"text-align: justify;\">Las autoridades educativas e invitados de honor a este evento se caracteriz\u00f3 por la importante presencia del profesor \u00c1ngel Emiliano P\u00e9rez P\u00e9rez, supervisor de la zona 02 de primaria ind\u00edgena; licenciada Roci\u00f3 Mel\u00e9ndez Pluma, presidenta municipal de Tlaltelulco: licenciada Brenda \u00c1ngel Zec\u00faa Mart\u00ednez, sexta regidora de la comisi\u00f3n publica y territorio municipal; ciudadano Delfino S\u00e1nchez Le\u00f3n, delegado del barrio de Teotlapan; la maestra Alicia Pluma Escobar, secretaria de trabajo; conflictos de educaci\u00f3n ind\u00edgena secci\u00f3n 31 del SNTE y Ciudadano Francisco Caloch Onofre, presidente de la asociaci\u00f3n de padres de familia; maestra Laura Zamora Mendoza, ATP de EF de la supervisi\u00f3n sector 06, as\u00ed como el M en C. Eleazar A. V\u00e1squez Tonix, Supervisor de Educaci\u00f3n F\u00edsica sector 06 Chiautempan.En su mensaje de bienvenida a alumnos, padres de familia y autoridades, la maestra Martha Mendoza Zelocuatecatl, directora de la instituci\u00f3n educativa<\/p>\n<blockquote>\n<p style=\"text-align: justify;\"><em>\u00a8Hoy es un d\u00eda lleno de emoci\u00f3n y orgullo, deseo expresarles que mi coraz\u00f3n se desborda de alegr\u00eda y que estoy muy orgulla de ustedes. Durante estos a\u00f1os los vimos crecer, jugar aprender equivocarse y a volver a intentarlo, siempre con esfuerzo y con deseo de superarse, agradezco a mis compa\u00f1eros maestros que formaron parte de su camino, a los padres de familia gracias por creer en nuestra escuela y por acompa\u00f1ar a sus hijos en cada paso en esta instituci\u00f3n\u2026ni\u00f1os y ni\u00f1as hoy cierran un capitulo pero vayan con confianza entusiasmo y con la seguridad que de lo que han aprendido aqu\u00ed les servir\u00e1 para seguir creciendo\u2026esta siempre ser\u00e1 su escuela, sean siempre amables, curiosos responsables y felices\u00bb.<\/em><\/p>\n<\/blockquote>\n<p><img loading=\"lazy\" decoding=\"async\" class=\"aligncenter wp-image-45487 size-medium\" src=\"https:\/\/labestiapolitica.com.mx\/wp-content\/uploads\/2025\/07\/Imagen-de-WhatsApp-2025-07-18-a-las-13.27.01_c233e21b-300x295.jpg\" alt=\"\" width=\"300\" height=\"295\" srcset=\"https:\/\/labestiapolitica.com.mx\/wp-content\/uploads\/2025\/07\/Imagen-de-WhatsApp-2025-07-18-a-las-13.27.01_c233e21b-300x295.jpg 300w, https:\/\/labestiapolitica.com.mx\/wp-content\/uploads\/2025\/07\/Imagen-de-WhatsApp-2025-07-18-a-las-13.27.01_c233e21b.jpg 688w\" sizes=\"auto, (max-width: 300px) 100vw, 300px\" \/><\/p>\n<p style=\"text-align: justify;\">Autoridades civiles y educativas, gracias por acompa\u00f1arnos y dar realce a esta graduaci\u00f3n de la nueva generaci\u00f3n en beneficio de Tlaltelulco, Tlaxcala y de M\u00e9xico.\u201d<\/p>\n<p style=\"text-align: justify;\">Todos los asistentes a este evento, rindieron reconocimiento y aplausos a los alumnos con los mejores promedios en este ciclo escolar desde primero hasta sexto grado.<\/p>\n<p style=\"text-align: justify;\">Menci\u00f3n importante es la presentaci\u00f3n de bailables que presentaron alumnos de diferentes grados escolares de la instituci\u00f3n donde ejecutaron danzas tradicionales de Tlaxcala en la que se fusionan costumbres ind\u00edgenas y de la \u00e9poca colonial. La danza es una habilidad, que la escuela fomenta a nuestra ni\u00f1ez, por ello los alumnos de primer a\u00f1o presentaron el Jarabe Tlaxcalteca.<\/p>\n<p><img loading=\"lazy\" decoding=\"async\" class=\"aligncenter wp-image-45484 size-medium\" src=\"https:\/\/labestiapolitica.com.mx\/wp-content\/uploads\/2025\/07\/Imagen-de-WhatsApp-2025-07-18-a-las-13.27.03_c67d9fd6-300x254.jpg\" alt=\"\" width=\"300\" height=\"254\" srcset=\"https:\/\/labestiapolitica.com.mx\/wp-content\/uploads\/2025\/07\/Imagen-de-WhatsApp-2025-07-18-a-las-13.27.03_c67d9fd6-300x254.jpg 300w, https:\/\/labestiapolitica.com.mx\/wp-content\/uploads\/2025\/07\/Imagen-de-WhatsApp-2025-07-18-a-las-13.27.03_c67d9fd6-1024x868.jpg 1024w, https:\/\/labestiapolitica.com.mx\/wp-content\/uploads\/2025\/07\/Imagen-de-WhatsApp-2025-07-18-a-las-13.27.03_c67d9fd6-768x651.jpg 768w, https:\/\/labestiapolitica.com.mx\/wp-content\/uploads\/2025\/07\/Imagen-de-WhatsApp-2025-07-18-a-las-13.27.03_c67d9fd6-1536x1303.jpg 1536w, https:\/\/labestiapolitica.com.mx\/wp-content\/uploads\/2025\/07\/Imagen-de-WhatsApp-2025-07-18-a-las-13.27.03_c67d9fd6.jpg 1600w\" sizes=\"auto, (max-width: 300px) 100vw, 300px\" \/><\/p>\n<p style=\"text-align: justify;\">Acto seguido los alumnos de segundo grado interpretaron a los graduados y presentes el tradicional cielito lindo, donde los ni\u00f1os mostraron sus habilidades por el gusto del canto y la m\u00fasica. Los alumnos de tercer grado presentaron hermoso bailable titulado Boda Tlaxcalteca, los alumnos de cuartos y quintos grados entonaron las golondrinas en lengua n\u00e1huatl a nuestros graduados. Y concluimos con el momento esperado, la entrada de los graduados se hizo a trav\u00e9s de un popurr\u00ed de m\u00fasica alusiva a importante graduaci\u00f3n donde brillaron cada una y uno de los egresados.<\/p>\n<p style=\"text-align: justify;\">El \u00faltimo pase de lista no pudo faltar, as\u00ed como la entrega de documentos que acredito su culminaci\u00f3n en su educaci\u00f3n primaria.<\/p>\n<p><img loading=\"lazy\" decoding=\"async\" class=\"aligncenter wp-image-45486 size-medium\" src=\"https:\/\/labestiapolitica.com.mx\/wp-content\/uploads\/2025\/07\/Imagen-de-WhatsApp-2025-07-18-a-las-13.27.01_5879ba12-225x300.jpg\" alt=\"\" width=\"225\" height=\"300\" srcset=\"https:\/\/labestiapolitica.com.mx\/wp-content\/uploads\/2025\/07\/Imagen-de-WhatsApp-2025-07-18-a-las-13.27.01_5879ba12-225x300.jpg 225w, https:\/\/labestiapolitica.com.mx\/wp-content\/uploads\/2025\/07\/Imagen-de-WhatsApp-2025-07-18-a-las-13.27.01_5879ba12-768x1023.jpg 768w, https:\/\/labestiapolitica.com.mx\/wp-content\/uploads\/2025\/07\/Imagen-de-WhatsApp-2025-07-18-a-las-13.27.01_5879ba12-1153x1536.jpg 1153w, https:\/\/labestiapolitica.com.mx\/wp-content\/uploads\/2025\/07\/Imagen-de-WhatsApp-2025-07-18-a-las-13.27.01_5879ba12.jpg 1200w\" sizes=\"auto, (max-width: 225px) 100vw, 225px\" \/><\/p>\n<p style=\"text-align: justify;\">Finalmente el profesor \u00c1ngel Emiliano P\u00e9rez P\u00e9rez, supervisor de la zona 02 de primaria ind\u00edgena, representante de las autoridades educativas y antes de hacer la clausura del ciclo escolar, dio un mensaje alusivo y en n\u00e1huatl saludando especialmente y felicitando a los alumnos de sexto grado, record\u00e1ndoles que el \u00e9xito est\u00e1 en el estudio, agradeci\u00f3 a los padres por dar una hermosa herencia como es la educaci\u00f3n un regalo tan preciado, al tiempo de reconocer el trabajo de la direcci\u00f3n escolar la su matr\u00edcula docente\u2026solicitando a los presentes ponerse de pie y siendo las diez horas con cincuenta y seis minutos del d\u00eda lunes 14 de junio de 2025, se clausuran los trabajos de este ciclo escolar, finalizo.<\/p>\n<p style=\"text-align: justify;\">\u00a0<img loading=\"lazy\" decoding=\"async\" class=\"aligncenter wp-image-45489 size-full\" src=\"https:\/\/labestiapolitica.com.mx\/wp-content\/uploads\/2025\/07\/Imagen-de-WhatsApp-2025-07-18-a-las-13.27.02_4962c179.jpg\" alt=\"\" width=\"1256\" height=\"665\" srcset=\"https:\/\/labestiapolitica.com.mx\/wp-content\/uploads\/2025\/07\/Imagen-de-WhatsApp-2025-07-18-a-las-13.27.02_4962c179.jpg 1256w, https:\/\/labestiapolitica.com.mx\/wp-content\/uploads\/2025\/07\/Imagen-de-WhatsApp-2025-07-18-a-las-13.27.02_4962c179-300x159.jpg 300w, https:\/\/labestiapolitica.com.mx\/wp-content\/uploads\/2025\/07\/Imagen-de-WhatsApp-2025-07-18-a-las-13.27.02_4962c179-1024x542.jpg 1024w, https:\/\/labestiapolitica.com.mx\/wp-content\/uploads\/2025\/07\/Imagen-de-WhatsApp-2025-07-18-a-las-13.27.02_4962c179-768x407.jpg 768w\" sizes=\"auto, (max-width: 1256px) 100vw, 1256px\" \/><\/p>\n","protected":false},"excerpt":{"rendered":"<p>A. J. HDEZ. SOSA La escuela primaria biling\u00fce ind\u00edgena Coyolxauhqui efectu\u00f3 el pasado 14 de julio la ceremonia de graduaci\u00f3n de su generaci\u00f3n de alumnos 2019-2025, siendo cuarenta y dos alumnos que esta instituci\u00f3n formo en su educaci\u00f3n primaria y que ahora continuaran su proyecto educativo en otras instituciones educativas. El evento dio inicio con [&hellip;]<\/p>\n","protected":false},"author":5,"featured_media":45483,"comment_status":"open","ping_status":"open","sticky":false,"template":"","format":"standard","meta":{"footnotes":""},"categories":[7],"tags":[],"class_list":["post-45482","post","type-post","status-publish","format-standard","has-post-thumbnail","hentry","category-ciudadanos"],"amp_enabled":true,"_links":{"self":[{"href":"https:\/\/labestiapolitica.com.mx\/index.php?rest_route=\/wp\/v2\/posts\/45482","targetHints":{"allow":["GET"]}}],"collection":[{"href":"https:\/\/labestiapolitica.com.mx\/index.php?rest_route=\/wp\/v2\/posts"}],"about":[{"href":"https:\/\/labestiapolitica.com.mx\/index.php?rest_route=\/wp\/v2\/types\/post"}],"author":[{"embeddable":true,"href":"https:\/\/labestiapolitica.com.mx\/index.php?rest_route=\/wp\/v2\/users\/5"}],"replies":[{"embeddable":true,"href":"https:\/\/labestiapolitica.com.mx\/index.php?rest_route=%2Fwp%2Fv2%2Fcomments&post=45482"}],"version-history":[{"count":3,"href":"https:\/\/labestiapolitica.com.mx\/index.php?rest_route=\/wp\/v2\/posts\/45482\/revisions"}],"predecessor-version":[{"id":45492,"href":"https:\/\/labestiapolitica.com.mx\/index.php?rest_route=\/wp\/v2\/posts\/45482\/revisions\/45492"}],"wp:featuredmedia":[{"embeddable":true,"href":"https:\/\/labestiapolitica.com.mx\/index.php?rest_route=\/wp\/v2\/media\/45483"}],"wp:attachment":[{"href":"https:\/\/labestiapolitica.com.mx\/index.php?rest_route=%2Fwp%2Fv2%2Fmedia&parent=45482"}],"wp:term":[{"taxonomy":"category","embeddable":true,"href":"https:\/\/labestiapolitica.com.mx\/index.php?rest_route=%2Fwp%2Fv2%2Fcategories&post=45482"},{"taxonomy":"post_tag","embeddable":true,"href":"https:\/\/labestiapolitica.com.mx\/index.php?rest_route=%2Fwp%2Fv2%2Ftags&post=45482"}],"curies":[{"name":"wp","href":"https:\/\/api.w.org\/{rel}","templated":true}]}}