{"id":45500,"date":"2025-07-18T18:35:58","date_gmt":"2025-07-19T00:35:58","guid":{"rendered":"https:\/\/labestiapolitica.com.mx\/?p=45500"},"modified":"2025-07-18T18:35:58","modified_gmt":"2025-07-19T00:35:58","slug":"crean-diputados-comision-especial-encargada-de-la-designacion-del-titular-del-organo-interno-de-control-de-la-fgje","status":"publish","type":"post","link":"https:\/\/labestiapolitica.com.mx\/?p=45500","title":{"rendered":"Crean diputados Comisi\u00f3n Especial encargada de la designaci\u00f3n del titular del \u00d3rgano Interno de Control de la FGJE."},"content":{"rendered":"<p style=\"font-weight: 400; text-align: justify;\">En el marco de la s\u00e9ptima sesi\u00f3n ordinaria de la Comisi\u00f3n Permanente, las legisladoras integrantes de este \u00f3rgano aprobaron la creaci\u00f3n de la Comisi\u00f3n Especial, que estar\u00e1 a cargo del procedimiento de designaci\u00f3n de la persona que ocupar\u00e1 la titularidad del \u00d3rgano de Control Interno de la Fiscal\u00eda General de Justicia del Estado de Tlaxcala (FGJE).<\/p>\n<p style=\"font-weight: 400; text-align: justify;\">Con fundamento en el Art\u00edculo 83 de la Ley Org\u00e1nica del Poder Legislativo del Estado de Tlaxcala, la Comisi\u00f3n Permanente del Congreso del Estado design\u00f3 a la diputada Reyna Flor B\u00e1ez Lozano como presidenta de esta comisi\u00f3n especial, mientras la diputada Brenda Cecilia Villantes Rodr\u00edguez y el legislador Emilio De la Pe\u00f1a Aponte fungir\u00e1n como vocales de la misma.<\/p>\n<p style=\"font-weight: 400; text-align: justify;\">Las tareas que tendr\u00e1n a su cargo ser\u00e1n, determinar el procedimiento de elecci\u00f3n y designaci\u00f3n del cargo citado, dictaminar el acuerdo correspondiente en el que se d\u00e9 a conocer el nombre del profesionista seleccionado, solicitar a la Mesa Directiva o Comisi\u00f3n Permanente se enliste en el Orden del D\u00eda de sesi\u00f3n ordinaria o convoque a Sesi\u00f3n Extraordinaria del Pleno para la designaci\u00f3n y toma de protesta de ley y las dem\u00e1s que le sean conferidas por la legislaci\u00f3n aplicable.<\/p>\n<p style=\"font-weight: 400; text-align: justify;\">Los requisitos para las y los aspirantes a encabezar el \u00d3rgano Interno de Control de la FGJE son: contar con ciudadan\u00eda mexicana, no estar inhabilitado para el servicio p\u00fablico, contar con una edad m\u00ednima de 35 a\u00f1os cumplidos al d\u00eda de la designaci\u00f3n, ser profesional con t\u00edtulo y c\u00e9dula de licenciatura en derecho con antig\u00fcedad de al menos 3 a\u00f1os, no haber sido condenado por sentencia ejecutoriada como responsable de delitos doloso o culposo, gozar de buena reputaci\u00f3n con calidad profesional relevante, honorabilidad y alta calidad t\u00e9cnica.<\/p>\n<p>&nbsp;<\/p>\n<p><img loading=\"lazy\" decoding=\"async\" class=\"alignnone size-full wp-image-28405\" src=\"https:\/\/labestiapolitica.com.mx\/wp-content\/uploads\/2024\/06\/U-NOVA-y-se-diferente.png\" alt=\"\" width=\"1000\" height=\"600\" srcset=\"https:\/\/labestiapolitica.com.mx\/wp-content\/uploads\/2024\/06\/U-NOVA-y-se-diferente.png 1000w, https:\/\/labestiapolitica.com.mx\/wp-content\/uploads\/2024\/06\/U-NOVA-y-se-diferente-300x180.png 300w, https:\/\/labestiapolitica.com.mx\/wp-content\/uploads\/2024\/06\/U-NOVA-y-se-diferente-768x461.png 768w\" sizes=\"auto, (max-width: 1000px) 100vw, 1000px\" \/><\/p>\n","protected":false},"excerpt":{"rendered":"<p>En el marco de la s\u00e9ptima sesi\u00f3n ordinaria de la Comisi\u00f3n Permanente, las legisladoras integrantes de este \u00f3rgano aprobaron la creaci\u00f3n de la Comisi\u00f3n Especial, que estar\u00e1 a cargo del procedimiento de designaci\u00f3n de la persona que ocupar\u00e1 la titularidad del \u00d3rgano de Control Interno de la Fiscal\u00eda General de Justicia del Estado de Tlaxcala [&hellip;]<\/p>\n","protected":false},"author":3,"featured_media":45501,"comment_status":"open","ping_status":"open","sticky":false,"template":"","format":"standard","meta":{"footnotes":""},"categories":[7,224],"tags":[],"class_list":["post-45500","post","type-post","status-publish","format-standard","has-post-thumbnail","hentry","category-ciudadanos","category-congreso-del-estado-de-tlaxcala"],"amp_enabled":true,"_links":{"self":[{"href":"https:\/\/labestiapolitica.com.mx\/index.php?rest_route=\/wp\/v2\/posts\/45500","targetHints":{"allow":["GET"]}}],"collection":[{"href":"https:\/\/labestiapolitica.com.mx\/index.php?rest_route=\/wp\/v2\/posts"}],"about":[{"href":"https:\/\/labestiapolitica.com.mx\/index.php?rest_route=\/wp\/v2\/types\/post"}],"author":[{"embeddable":true,"href":"https:\/\/labestiapolitica.com.mx\/index.php?rest_route=\/wp\/v2\/users\/3"}],"replies":[{"embeddable":true,"href":"https:\/\/labestiapolitica.com.mx\/index.php?rest_route=%2Fwp%2Fv2%2Fcomments&post=45500"}],"version-history":[{"count":1,"href":"https:\/\/labestiapolitica.com.mx\/index.php?rest_route=\/wp\/v2\/posts\/45500\/revisions"}],"predecessor-version":[{"id":45502,"href":"https:\/\/labestiapolitica.com.mx\/index.php?rest_route=\/wp\/v2\/posts\/45500\/revisions\/45502"}],"wp:featuredmedia":[{"embeddable":true,"href":"https:\/\/labestiapolitica.com.mx\/index.php?rest_route=\/wp\/v2\/media\/45501"}],"wp:attachment":[{"href":"https:\/\/labestiapolitica.com.mx\/index.php?rest_route=%2Fwp%2Fv2%2Fmedia&parent=45500"}],"wp:term":[{"taxonomy":"category","embeddable":true,"href":"https:\/\/labestiapolitica.com.mx\/index.php?rest_route=%2Fwp%2Fv2%2Fcategories&post=45500"},{"taxonomy":"post_tag","embeddable":true,"href":"https:\/\/labestiapolitica.com.mx\/index.php?rest_route=%2Fwp%2Fv2%2Ftags&post=45500"}],"curies":[{"name":"wp","href":"https:\/\/api.w.org\/{rel}","templated":true}]}}