{"id":45503,"date":"2025-07-18T18:43:06","date_gmt":"2025-07-19T00:43:06","guid":{"rendered":"https:\/\/labestiapolitica.com.mx\/?p=45503"},"modified":"2025-07-18T18:43:06","modified_gmt":"2025-07-19T00:43:06","slug":"preside-rector-graduacion-de-nuevos-cirujanos-dentistas-comprometidos-con-el-bienestar-y-la-salud-bucal","status":"publish","type":"post","link":"https:\/\/labestiapolitica.com.mx\/?p=45503","title":{"rendered":"Preside Rector graduaci\u00f3n de nuevos cirujanos dentistas comprometidos con el bienestar y la salud bucal."},"content":{"rendered":"<p style=\"font-weight: 400; text-align: justify;\">La Facultad de Odontolog\u00eda marca ruta en el pa\u00eds para coadyuvar con un compromiso \u00e9tico y moral en la atenci\u00f3n de los problemas que agobian a la sociedad tlaxcalteca en el \u00e1mbito de la salud p\u00fablica y bucal, afirm\u00f3 el Doctor Seraf\u00edn Ortiz Ortiz, Rector de la Universidad Aut\u00f3noma de Tlaxcala (UATx), al presidir la ceremonia de graduaci\u00f3n de 54 estudiantes de la Licenciatura en M\u00e9dico Cirujano de la generaci\u00f3n 2021-2025.<\/p>\n<p style=\"font-weight: 400; text-align: justify;\">En evento realizado en el Centro Cultural Universitario, con la presencia de la estructura directiva y docente de la Facultad y de la Instituci\u00f3n y de familiares de los graduados, el Doctor Seraf\u00edn Ortiz, asegur\u00f3 que la Autorrealizaci\u00f3n, como cuarto eje sustantivo, se fragua en la trayectoria de formaci\u00f3n de estudiantes y docentes, porque son quienes comparten su experticia y sabidur\u00eda para trazar una ruta de vida en su ejercicio profesional.<\/p>\n<p style=\"font-weight: 400; text-align: justify;\">Indic\u00f3 que la Aut\u00f3noma de Tlaxcala tiene un compromiso con la sociedad, por ello, a trav\u00e9s de los dos ejes de la Autorrealizaci\u00f3n los educandos alcanzan sus metas y contribuyen a la transformaci\u00f3n de su entorno con mejores condiciones de vida.<\/p>\n<p style=\"font-weight: 400; text-align: justify;\">Por su parte, la Doctora Nohem\u00ed Lima Hern\u00e1ndez, Directora de la Facultad de Odontolog\u00eda, sostuvo que esta ceremonia de graduaci\u00f3n representa una gran satisfacci\u00f3n porque se reconoce el trabajo y dedicaci\u00f3n de los estudiantes, a quienes exhort\u00f3 a seguir prepar\u00e1ndose en uno de los programas de posgrado que les ofrece esta \u00e1rea universitaria, dado que a 50 a\u00f1os de su existencia han egresado m\u00e1s de dos mil profesionales especializados en la atenci\u00f3n bucodental. Agradeci\u00f3 la solidaridad y el apoyo de la Doctora Elvia Ortiz Ortiz, Coordinadora General de Planeaci\u00f3n Institucional y madrina de la generaci\u00f3n 58.<\/p>\n<p style=\"font-weight: 400; text-align: justify;\">En tanto, Araceli Garc\u00eda Nava, en representaci\u00f3n de los egresados, agradeci\u00f3 a los padres de familia por su apoyo y a los docentes por haber compartido sus conocimientos y experticia e impulsarlos para que con herramientas s\u00f3lidas enfrenten los retos que les impone la sociedad actual, y conmin\u00f3 a sus compa\u00f1eros a seguir el camino de la preparaci\u00f3n y a portar con orgullo las siglas de esta Instituci\u00f3n.<\/p>\n<p>&nbsp;<\/p>\n<p><img loading=\"lazy\" decoding=\"async\" class=\"alignnone size-full wp-image-28405\" src=\"https:\/\/labestiapolitica.com.mx\/wp-content\/uploads\/2024\/06\/U-NOVA-y-se-diferente.png\" alt=\"\" width=\"1000\" height=\"600\" srcset=\"https:\/\/labestiapolitica.com.mx\/wp-content\/uploads\/2024\/06\/U-NOVA-y-se-diferente.png 1000w, https:\/\/labestiapolitica.com.mx\/wp-content\/uploads\/2024\/06\/U-NOVA-y-se-diferente-300x180.png 300w, https:\/\/labestiapolitica.com.mx\/wp-content\/uploads\/2024\/06\/U-NOVA-y-se-diferente-768x461.png 768w\" sizes=\"auto, (max-width: 1000px) 100vw, 1000px\" \/><\/p>\n","protected":false},"excerpt":{"rendered":"<p>La Facultad de Odontolog\u00eda marca ruta en el pa\u00eds para coadyuvar con un compromiso \u00e9tico y moral en la atenci\u00f3n de los problemas que agobian a la sociedad tlaxcalteca en el \u00e1mbito de la salud p\u00fablica y bucal, afirm\u00f3 el Doctor Seraf\u00edn Ortiz Ortiz, Rector de la Universidad Aut\u00f3noma de Tlaxcala (UATx), al presidir la [&hellip;]<\/p>\n","protected":false},"author":3,"featured_media":45505,"comment_status":"open","ping_status":"open","sticky":false,"template":"","format":"standard","meta":{"footnotes":""},"categories":[7,213,241],"tags":[],"class_list":["post-45503","post","type-post","status-publish","format-standard","has-post-thumbnail","hentry","category-ciudadanos","category-educacion","category-uatx"],"amp_enabled":true,"_links":{"self":[{"href":"https:\/\/labestiapolitica.com.mx\/index.php?rest_route=\/wp\/v2\/posts\/45503","targetHints":{"allow":["GET"]}}],"collection":[{"href":"https:\/\/labestiapolitica.com.mx\/index.php?rest_route=\/wp\/v2\/posts"}],"about":[{"href":"https:\/\/labestiapolitica.com.mx\/index.php?rest_route=\/wp\/v2\/types\/post"}],"author":[{"embeddable":true,"href":"https:\/\/labestiapolitica.com.mx\/index.php?rest_route=\/wp\/v2\/users\/3"}],"replies":[{"embeddable":true,"href":"https:\/\/labestiapolitica.com.mx\/index.php?rest_route=%2Fwp%2Fv2%2Fcomments&post=45503"}],"version-history":[{"count":1,"href":"https:\/\/labestiapolitica.com.mx\/index.php?rest_route=\/wp\/v2\/posts\/45503\/revisions"}],"predecessor-version":[{"id":45506,"href":"https:\/\/labestiapolitica.com.mx\/index.php?rest_route=\/wp\/v2\/posts\/45503\/revisions\/45506"}],"wp:featuredmedia":[{"embeddable":true,"href":"https:\/\/labestiapolitica.com.mx\/index.php?rest_route=\/wp\/v2\/media\/45505"}],"wp:attachment":[{"href":"https:\/\/labestiapolitica.com.mx\/index.php?rest_route=%2Fwp%2Fv2%2Fmedia&parent=45503"}],"wp:term":[{"taxonomy":"category","embeddable":true,"href":"https:\/\/labestiapolitica.com.mx\/index.php?rest_route=%2Fwp%2Fv2%2Fcategories&post=45503"},{"taxonomy":"post_tag","embeddable":true,"href":"https:\/\/labestiapolitica.com.mx\/index.php?rest_route=%2Fwp%2Fv2%2Ftags&post=45503"}],"curies":[{"name":"wp","href":"https:\/\/api.w.org\/{rel}","templated":true}]}}