{"id":45544,"date":"2025-07-21T15:24:03","date_gmt":"2025-07-21T21:24:03","guid":{"rendered":"https:\/\/labestiapolitica.com.mx\/?p=45544"},"modified":"2025-07-21T15:24:03","modified_gmt":"2025-07-21T21:24:03","slug":"comunidad-del-cigya-uatx-mantiene-su-labor-de-rescate-de-flora-y-fauna-en-el-cerro-de-san-gregorio-metepec","status":"publish","type":"post","link":"https:\/\/labestiapolitica.com.mx\/?p=45544","title":{"rendered":"Comunidad del CIGyA-UATx mantiene su labor de rescate de flora y fauna en el Cerro de San Gregorio, Metepec."},"content":{"rendered":"<p style=\"font-weight: 400; text-align: justify;\">Como resultado del trabajo colaborativo que realiza la comunidad universitaria de la Maestr\u00eda en Ciencias en Sistemas del Ambiente del Centro de Investigaci\u00f3n en Gen\u00e9tica y Ambiente de la Universidad Aut\u00f3noma de Tlaxcala (CIGyA-UATx) de manera conjunta con la presidencia de comunidad y pobladores \u00a0de San Diego Metepec y la Asociaci\u00f3n Civil Tlalli Atoktli, se efectu\u00f3 el \u201cSegundo Tequio por el Ambiente\u201d, acci\u00f3n que permitir\u00e1 mejorar el ecosistema para la flora y la fauna nativas del Cerro San Gregorio.<\/p>\n<p style=\"font-weight: 400; text-align: justify;\">Con estas actividades de campo se ha logrado que esa zona \u00e1rida tepetatosa se convierta en un espacio con \u00e1rboles y plantas nativas, lo cual es el reflejo de la permanencia en el trabajo para dar su tiempo a los procesos biol\u00f3gicos y ecol\u00f3gicos a fin de que germine la semilla en esta regi\u00f3n del municipio de Tlaxcala.<\/p>\n<p style=\"font-weight: 400; text-align: justify;\">A cuatro a\u00f1os de que iniciaran las primeras acciones que impuls\u00f3 el grupo de investigadores que desarrollan la L\u00ednea de Generaci\u00f3n y Aplicaci\u00f3n del Conocimiento \u00abEstudio y Manejo de Ecosistemas\u00bb del CIGyA, con el liderazgo del Doctor Oscar Cuecuecha y la Doctora Elizabeth Garc\u00eda, con la colaboraci\u00f3n de la Asociaci\u00f3n Civil Tlalli Atoktli, se muestra su compromiso con este proyecto que busca mejorar el entorno del Cerro San Gregorio, al cual se suman estudiantes y docentes de\u00a0 la m\u00e1xima Casa de Estudios.<\/p>\n<p style=\"font-weight: 400; text-align: justify;\">Durante este tiempo se llevaron a cabo acciones de conservaci\u00f3n y fertilizaci\u00f3n org\u00e1nica a los \u00e1rboles plantados hace tres a\u00f1os y se hizo limpieza de maleza, con la entusiasta y dedicada participaci\u00f3n de comunidad universitaria UATx y presidencia de comunidad de Metepec.<\/p>\n<p>&nbsp;<\/p>\n<p><img loading=\"lazy\" decoding=\"async\" class=\"alignnone wp-image-28405 size-full\" src=\"https:\/\/labestiapolitica.com.mx\/wp-content\/uploads\/2024\/06\/U-NOVA-y-se-diferente.png\" alt=\"\" width=\"1000\" height=\"600\" srcset=\"https:\/\/labestiapolitica.com.mx\/wp-content\/uploads\/2024\/06\/U-NOVA-y-se-diferente.png 1000w, https:\/\/labestiapolitica.com.mx\/wp-content\/uploads\/2024\/06\/U-NOVA-y-se-diferente-300x180.png 300w, https:\/\/labestiapolitica.com.mx\/wp-content\/uploads\/2024\/06\/U-NOVA-y-se-diferente-768x461.png 768w\" sizes=\"auto, (max-width: 1000px) 100vw, 1000px\" \/><\/p>\n","protected":false},"excerpt":{"rendered":"<p>Como resultado del trabajo colaborativo que realiza la comunidad universitaria de la Maestr\u00eda en Ciencias en Sistemas del Ambiente del Centro de Investigaci\u00f3n en Gen\u00e9tica y Ambiente de la Universidad Aut\u00f3noma de Tlaxcala (CIGyA-UATx) de manera conjunta con la presidencia de comunidad y pobladores \u00a0de San Diego Metepec y la Asociaci\u00f3n Civil Tlalli Atoktli, se [&hellip;]<\/p>\n","protected":false},"author":5,"featured_media":45545,"comment_status":"open","ping_status":"open","sticky":false,"template":"","format":"standard","meta":{"footnotes":""},"categories":[213,241],"tags":[],"class_list":["post-45544","post","type-post","status-publish","format-standard","has-post-thumbnail","hentry","category-educacion","category-uatx"],"amp_enabled":true,"_links":{"self":[{"href":"https:\/\/labestiapolitica.com.mx\/index.php?rest_route=\/wp\/v2\/posts\/45544","targetHints":{"allow":["GET"]}}],"collection":[{"href":"https:\/\/labestiapolitica.com.mx\/index.php?rest_route=\/wp\/v2\/posts"}],"about":[{"href":"https:\/\/labestiapolitica.com.mx\/index.php?rest_route=\/wp\/v2\/types\/post"}],"author":[{"embeddable":true,"href":"https:\/\/labestiapolitica.com.mx\/index.php?rest_route=\/wp\/v2\/users\/5"}],"replies":[{"embeddable":true,"href":"https:\/\/labestiapolitica.com.mx\/index.php?rest_route=%2Fwp%2Fv2%2Fcomments&post=45544"}],"version-history":[{"count":1,"href":"https:\/\/labestiapolitica.com.mx\/index.php?rest_route=\/wp\/v2\/posts\/45544\/revisions"}],"predecessor-version":[{"id":45546,"href":"https:\/\/labestiapolitica.com.mx\/index.php?rest_route=\/wp\/v2\/posts\/45544\/revisions\/45546"}],"wp:featuredmedia":[{"embeddable":true,"href":"https:\/\/labestiapolitica.com.mx\/index.php?rest_route=\/wp\/v2\/media\/45545"}],"wp:attachment":[{"href":"https:\/\/labestiapolitica.com.mx\/index.php?rest_route=%2Fwp%2Fv2%2Fmedia&parent=45544"}],"wp:term":[{"taxonomy":"category","embeddable":true,"href":"https:\/\/labestiapolitica.com.mx\/index.php?rest_route=%2Fwp%2Fv2%2Fcategories&post=45544"},{"taxonomy":"post_tag","embeddable":true,"href":"https:\/\/labestiapolitica.com.mx\/index.php?rest_route=%2Fwp%2Fv2%2Ftags&post=45544"}],"curies":[{"name":"wp","href":"https:\/\/api.w.org\/{rel}","templated":true}]}}