{"id":45678,"date":"2025-07-14T21:55:26","date_gmt":"2025-07-15T03:55:26","guid":{"rendered":"https:\/\/labestiapolitica.com.mx\/?p=45678"},"modified":"2025-07-22T21:56:00","modified_gmt":"2025-07-23T03:56:00","slug":"%f0%9f%8f%ab-tetla-inaugura-la-guarderia-empresarial-cix-1-semillitas-del-corazon-en-coordinacion-con-el-imss","status":"publish","type":"post","link":"https:\/\/labestiapolitica.com.mx\/?p=45678","title":{"rendered":"\ud83c\udfeb Tetla inaugura la Guarder\u00eda Empresarial CIX 1 \u201cSemillitas del Coraz\u00f3n\u201d en coordinaci\u00f3n con el IMSS"},"content":{"rendered":"<p style=\"text-align: justify;\" data-start=\"306\" data-end=\"631\"><strong data-start=\"306\" data-end=\"359\">Tetla de la Solidaridad, Tlaxcala; julio de 2025.<\/strong> El presidente municipal <strong data-start=\"384\" data-end=\"414\">Lic. Giovani Montiel L\u00f3pez<\/strong> acompa\u00f1\u00f3 a la <strong data-start=\"429\" data-end=\"485\">gobernadora del estado, Lic. Lorena Cu\u00e9llar Cisneros<\/strong>, en la <strong data-start=\"493\" data-end=\"574\">inauguraci\u00f3n de la nueva Guarder\u00eda Empresarial CIX 1 \u201cSemillitas del Coraz\u00f3n\u201d<\/strong>, ubicada en el municipio de <strong data-start=\"603\" data-end=\"630\">Tetla de la Solidaridad<\/strong>.<\/p>\n<p style=\"text-align: justify;\" data-start=\"633\" data-end=\"958\">En este importante acto estuvieron presentes autoridades del <strong data-start=\"694\" data-end=\"741\">Instituto Mexicano del Seguro Social (IMSS)<\/strong> tanto a nivel <strong data-start=\"756\" data-end=\"780\">federal como estatal<\/strong>, consolidando una acci\u00f3n conjunta en favor del <strong data-start=\"828\" data-end=\"878\">bienestar y desarrollo de la ni\u00f1ez tlaxcalteca<\/strong>, as\u00ed como del respaldo directo a <strong data-start=\"912\" data-end=\"944\">madres y padres trabajadores<\/strong> de la regi\u00f3n.<\/p>\n<p style=\"text-align: justify;\" data-start=\"960\" data-end=\"1233\">Este nuevo espacio representa un avance significativo en el fortalecimiento de las condiciones laborales y familiares en el municipio, permitiendo a las familias acceder a <strong data-start=\"1132\" data-end=\"1232\">servicios de cuidado infantil de calidad y con altos est\u00e1ndares de seguridad y atenci\u00f3n integral<\/strong>.<\/p>\n<p style=\"text-align: justify;\" data-start=\"1235\" data-end=\"1487\">El alcalde Giovani Montiel subray\u00f3 que la llegada de infraestructura como esta reafirma que <strong data-start=\"1327\" data-end=\"1466\">Tetla es un municipio que inspira confianza a la industria y que sigue consolid\u00e1ndose como un polo de inversi\u00f3n, desarrollo y bienestar<\/strong> para sus habitantes.<\/p>\n","protected":false},"excerpt":{"rendered":"<p>Tetla de la Solidaridad, Tlaxcala; julio de 2025. El presidente municipal Lic. Giovani Montiel L\u00f3pez acompa\u00f1\u00f3 a la gobernadora del estado, Lic. Lorena Cu\u00e9llar Cisneros, en la inauguraci\u00f3n de la nueva Guarder\u00eda Empresarial CIX 1 \u201cSemillitas del Coraz\u00f3n\u201d, ubicada en el municipio de Tetla de la Solidaridad. En este importante acto estuvieron presentes autoridades del [&hellip;]<\/p>\n","protected":false},"author":3,"featured_media":45679,"comment_status":"open","ping_status":"open","sticky":false,"template":"","format":"standard","meta":{"footnotes":""},"categories":[12],"tags":[],"class_list":["post-45678","post","type-post","status-publish","format-standard","has-post-thumbnail","hentry","category-brujula-2026"],"amp_enabled":true,"_links":{"self":[{"href":"https:\/\/labestiapolitica.com.mx\/index.php?rest_route=\/wp\/v2\/posts\/45678","targetHints":{"allow":["GET"]}}],"collection":[{"href":"https:\/\/labestiapolitica.com.mx\/index.php?rest_route=\/wp\/v2\/posts"}],"about":[{"href":"https:\/\/labestiapolitica.com.mx\/index.php?rest_route=\/wp\/v2\/types\/post"}],"author":[{"embeddable":true,"href":"https:\/\/labestiapolitica.com.mx\/index.php?rest_route=\/wp\/v2\/users\/3"}],"replies":[{"embeddable":true,"href":"https:\/\/labestiapolitica.com.mx\/index.php?rest_route=%2Fwp%2Fv2%2Fcomments&post=45678"}],"version-history":[{"count":1,"href":"https:\/\/labestiapolitica.com.mx\/index.php?rest_route=\/wp\/v2\/posts\/45678\/revisions"}],"predecessor-version":[{"id":45681,"href":"https:\/\/labestiapolitica.com.mx\/index.php?rest_route=\/wp\/v2\/posts\/45678\/revisions\/45681"}],"wp:featuredmedia":[{"embeddable":true,"href":"https:\/\/labestiapolitica.com.mx\/index.php?rest_route=\/wp\/v2\/media\/45679"}],"wp:attachment":[{"href":"https:\/\/labestiapolitica.com.mx\/index.php?rest_route=%2Fwp%2Fv2%2Fmedia&parent=45678"}],"wp:term":[{"taxonomy":"category","embeddable":true,"href":"https:\/\/labestiapolitica.com.mx\/index.php?rest_route=%2Fwp%2Fv2%2Fcategories&post=45678"},{"taxonomy":"post_tag","embeddable":true,"href":"https:\/\/labestiapolitica.com.mx\/index.php?rest_route=%2Fwp%2Fv2%2Ftags&post=45678"}],"curies":[{"name":"wp","href":"https:\/\/api.w.org\/{rel}","templated":true}]}}