{"id":45686,"date":"2025-07-12T22:01:04","date_gmt":"2025-07-13T04:01:04","guid":{"rendered":"https:\/\/labestiapolitica.com.mx\/?p=45686"},"modified":"2025-07-22T22:01:36","modified_gmt":"2025-07-23T04:01:36","slug":"%f0%9f%8e%93-clausura-del-ciclo-escolar-de-misiones-culturales-no-7s-en-tetla","status":"publish","type":"post","link":"https:\/\/labestiapolitica.com.mx\/?p=45686","title":{"rendered":"\ud83c\udf93 Clausura del ciclo escolar de Misiones Culturales No. 7S en Tetla"},"content":{"rendered":"<p style=\"text-align: justify;\" data-start=\"255\" data-end=\"629\"><strong data-start=\"255\" data-end=\"308\">Tetla de la Solidaridad, Tlaxcala; julio de 2025.<\/strong> El presidente municipal <strong data-start=\"333\" data-end=\"363\">Lic. Giovani Montiel L\u00f3pez<\/strong> encabez\u00f3 la <strong data-start=\"376\" data-end=\"446\">Clausura del Ciclo Escolar 2024\u20132025 de Misiones Culturales No. 7S<\/strong>, un programa formativo que ha beneficiado a decenas de personas con la impartici\u00f3n de <strong data-start=\"533\" data-end=\"615\">cursos de reposter\u00eda, alba\u00f1iler\u00eda, manualidades, ingl\u00e9s, agropecuaria, costura<\/strong>, entre otros.<\/p>\n<p style=\"text-align: justify;\" data-start=\"631\" data-end=\"934\">Este modelo de ense\u00f1anza comunitaria se realiza en coordinaci\u00f3n con la <strong data-start=\"702\" data-end=\"761\">Direcci\u00f3n de Educaci\u00f3n, Cultura y Turismo del municipio<\/strong>, y est\u00e1 orientado a brindar herramientas \u00fatiles para el desarrollo de habilidades pr\u00e1cticas, fomentar el autoempleo y mejorar la calidad de vida de las y los participantes.<\/p>\n<p style=\"text-align: justify;\" data-start=\"936\" data-end=\"1190\">Durante el acto, el presidente Montiel L\u00f3pez felicit\u00f3 a las y los graduados por su constancia y empe\u00f1o, y reafirm\u00f3 el compromiso de su administraci\u00f3n con el <strong data-start=\"1093\" data-end=\"1155\">fortalecimiento de la educaci\u00f3n y la capacitaci\u00f3n continua<\/strong> como motores del bienestar social.<\/p>\n<p style=\"text-align: justify;\" data-start=\"1192\" data-end=\"1370\">La clausura fue tambi\u00e9n un espacio para exponer trabajos y logros alcanzados por los estudiantes, reflejando el impacto positivo que tiene este tipo de programas en la comunidad.<\/p>\n","protected":false},"excerpt":{"rendered":"<p>Tetla de la Solidaridad, Tlaxcala; julio de 2025. El presidente municipal Lic. Giovani Montiel L\u00f3pez encabez\u00f3 la Clausura del Ciclo Escolar 2024\u20132025 de Misiones Culturales No. 7S, un programa formativo que ha beneficiado a decenas de personas con la impartici\u00f3n de cursos de reposter\u00eda, alba\u00f1iler\u00eda, manualidades, ingl\u00e9s, agropecuaria, costura, entre otros. Este modelo de ense\u00f1anza [&hellip;]<\/p>\n","protected":false},"author":3,"featured_media":45687,"comment_status":"open","ping_status":"open","sticky":false,"template":"","format":"standard","meta":{"footnotes":""},"categories":[12],"tags":[],"class_list":["post-45686","post","type-post","status-publish","format-standard","has-post-thumbnail","hentry","category-brujula-2026"],"amp_enabled":true,"_links":{"self":[{"href":"https:\/\/labestiapolitica.com.mx\/index.php?rest_route=\/wp\/v2\/posts\/45686","targetHints":{"allow":["GET"]}}],"collection":[{"href":"https:\/\/labestiapolitica.com.mx\/index.php?rest_route=\/wp\/v2\/posts"}],"about":[{"href":"https:\/\/labestiapolitica.com.mx\/index.php?rest_route=\/wp\/v2\/types\/post"}],"author":[{"embeddable":true,"href":"https:\/\/labestiapolitica.com.mx\/index.php?rest_route=\/wp\/v2\/users\/3"}],"replies":[{"embeddable":true,"href":"https:\/\/labestiapolitica.com.mx\/index.php?rest_route=%2Fwp%2Fv2%2Fcomments&post=45686"}],"version-history":[{"count":1,"href":"https:\/\/labestiapolitica.com.mx\/index.php?rest_route=\/wp\/v2\/posts\/45686\/revisions"}],"predecessor-version":[{"id":45688,"href":"https:\/\/labestiapolitica.com.mx\/index.php?rest_route=\/wp\/v2\/posts\/45686\/revisions\/45688"}],"wp:featuredmedia":[{"embeddable":true,"href":"https:\/\/labestiapolitica.com.mx\/index.php?rest_route=\/wp\/v2\/media\/45687"}],"wp:attachment":[{"href":"https:\/\/labestiapolitica.com.mx\/index.php?rest_route=%2Fwp%2Fv2%2Fmedia&parent=45686"}],"wp:term":[{"taxonomy":"category","embeddable":true,"href":"https:\/\/labestiapolitica.com.mx\/index.php?rest_route=%2Fwp%2Fv2%2Fcategories&post=45686"},{"taxonomy":"post_tag","embeddable":true,"href":"https:\/\/labestiapolitica.com.mx\/index.php?rest_route=%2Fwp%2Fv2%2Ftags&post=45686"}],"curies":[{"name":"wp","href":"https:\/\/api.w.org\/{rel}","templated":true}]}}