{"id":45837,"date":"2025-07-16T12:08:43","date_gmt":"2025-07-16T18:08:43","guid":{"rendered":"https:\/\/labestiapolitica.com.mx\/?p=45837"},"modified":"2025-07-25T12:20:35","modified_gmt":"2025-07-25T18:20:35","slug":"adquiere-ayuntamiento-de-san-pablo-del-monte-nueva-grua-para-mejorar-servicios-basicos","status":"publish","type":"post","link":"https:\/\/labestiapolitica.com.mx\/?p=45837","title":{"rendered":"Adquiere Ayuntamiento de San Pablo del Monte nueva gr\u00faa para mejorar servicios b\u00e1sicos"},"content":{"rendered":"<p style=\"text-align: justify;\">*Con estas acciones, se fortalecen los servicios p\u00fablicos en beneficio de la poblaci\u00f3n<\/p>\n<p style=\"text-align: justify;\">\\\\\\<\/p>\n<p style=\"text-align: justify;\">El pasado 15 de julio el Ayuntamiento de San Pablo del Monte, que encabeza la presidenta Ana Luc\u00eda Arce Luna, estren\u00f3 una gr\u00faa que permitir\u00e1 desarrollar diversos trabajos en beneficio de la poblaci\u00f3n.<\/p>\n<p style=\"text-align: justify;\">Esta unidad cuenta con una capacidad de carga de 350 kilogramos, un alcance de 13.5 metros y un sistema completamente hidr\u00e1ulico, lo que permitir\u00e1 realizar trabajos en altura como mantenimiento de alumbrado y poda de \u00e1rboles de manera m\u00e1s segura y eficiente.<\/p>\n<p style=\"text-align: justify;\">Este equipo se suma a un total de 10 unidades nuevas adquiridas por la presente administraci\u00f3n, que ha priorizado estas acciones luego de que la pasada administraci\u00f3n dejara obsoleta la que hab\u00eda.<\/p>\n<p style=\"text-align: justify;\">Con esto, tambi\u00e9n se fortalece el parque vehicular del Ayuntamiento pues, en d\u00edas pasados, se adquirieron siete patrullas, una ambulancia y una camioneta de protecci\u00f3n civil, reafirmando el compromiso del gobierno municipal con la mejora continua en la atenci\u00f3n a la ciudadan\u00eda.<\/p>\n","protected":false},"excerpt":{"rendered":"<p>*Con estas acciones, se fortalecen los servicios p\u00fablicos en beneficio de la poblaci\u00f3n \\\\\\ El pasado 15 de julio el Ayuntamiento de San Pablo del Monte, que encabeza la presidenta Ana Luc\u00eda Arce Luna, estren\u00f3 una gr\u00faa que permitir\u00e1 desarrollar diversos trabajos en beneficio de la poblaci\u00f3n. Esta unidad cuenta con una capacidad de carga [&hellip;]<\/p>\n","protected":false},"author":5,"featured_media":45838,"comment_status":"open","ping_status":"open","sticky":false,"template":"","format":"standard","meta":{"footnotes":""},"categories":[12,216,223],"tags":[],"class_list":["post-45837","post","type-post","status-publish","format-standard","has-post-thumbnail","hentry","category-brujula-2026","category-municipios","category-san-pablo-del-monte"],"amp_enabled":true,"_links":{"self":[{"href":"https:\/\/labestiapolitica.com.mx\/index.php?rest_route=\/wp\/v2\/posts\/45837","targetHints":{"allow":["GET"]}}],"collection":[{"href":"https:\/\/labestiapolitica.com.mx\/index.php?rest_route=\/wp\/v2\/posts"}],"about":[{"href":"https:\/\/labestiapolitica.com.mx\/index.php?rest_route=\/wp\/v2\/types\/post"}],"author":[{"embeddable":true,"href":"https:\/\/labestiapolitica.com.mx\/index.php?rest_route=\/wp\/v2\/users\/5"}],"replies":[{"embeddable":true,"href":"https:\/\/labestiapolitica.com.mx\/index.php?rest_route=%2Fwp%2Fv2%2Fcomments&post=45837"}],"version-history":[{"count":1,"href":"https:\/\/labestiapolitica.com.mx\/index.php?rest_route=\/wp\/v2\/posts\/45837\/revisions"}],"predecessor-version":[{"id":45839,"href":"https:\/\/labestiapolitica.com.mx\/index.php?rest_route=\/wp\/v2\/posts\/45837\/revisions\/45839"}],"wp:featuredmedia":[{"embeddable":true,"href":"https:\/\/labestiapolitica.com.mx\/index.php?rest_route=\/wp\/v2\/media\/45838"}],"wp:attachment":[{"href":"https:\/\/labestiapolitica.com.mx\/index.php?rest_route=%2Fwp%2Fv2%2Fmedia&parent=45837"}],"wp:term":[{"taxonomy":"category","embeddable":true,"href":"https:\/\/labestiapolitica.com.mx\/index.php?rest_route=%2Fwp%2Fv2%2Fcategories&post=45837"},{"taxonomy":"post_tag","embeddable":true,"href":"https:\/\/labestiapolitica.com.mx\/index.php?rest_route=%2Fwp%2Fv2%2Ftags&post=45837"}],"curies":[{"name":"wp","href":"https:\/\/api.w.org\/{rel}","templated":true}]}}