{"id":46139,"date":"2025-07-29T18:12:03","date_gmt":"2025-07-30T00:12:03","guid":{"rendered":"https:\/\/labestiapolitica.com.mx\/?p=46139"},"modified":"2025-07-29T18:12:03","modified_gmt":"2025-07-30T00:12:03","slug":"se-preve-la-participacion-de-500-deportistas-el-31-de-agosto-en-tlaxco","status":"publish","type":"post","link":"https:\/\/labestiapolitica.com.mx\/?p=46139","title":{"rendered":"Se prev\u00e9 la participaci\u00f3n de 500 deportistas el 31 de agosto en Tlaxco."},"content":{"rendered":"<p style=\"text-align: justify;\">El marat\u00f3n de ciclismo \u00ab400 Conejos\u00bb el Regreso del dios Ometochtli, se realizar\u00e1 el pr\u00f3ximo 31 de agosto y tendr\u00e1 como sede el municipio de Tlaxco, en la zona monta\u00f1osa de Acopinalco del Pe\u00f1\u00f3n, y prev\u00e9 la participaci\u00f3n de 500 deportistas del ciclismo de monta\u00f1a de diversos estados.<\/p>\n<p style=\"text-align: justify;\">El presidente de Pulques Team, Juan Carlos Cruz Cerrito, explic\u00f3 que habr\u00e1 carreras de 32 y 50 kil\u00f3metros para alta competencia y recreaci\u00f3n a altitudes de mil 50 a mil 700 metros en los parajes de Acopinalco del Pe\u00f1\u00f3n<\/p>\n<p style=\"text-align: justify;\">Las inscripciones pueden hacerse a trav\u00e9s de las redes sociales de Pulques Team, con un monto de 450 pesos que incluyen calcetas, jersey, hidrataci\u00f3n, medalla, chip y servicios m\u00e9dicos instalados a lo largo de los circuitos.<\/p>\n<p style=\"text-align: justify;\">Las categor\u00edas son: \u00e9lite, avanzados, m\u00e1ster, juvenil y entusiastas en categor\u00edas varonil y femenil.<\/p>\n<p style=\"text-align: justify;\">Este a\u00f1o se realiza por primera ocasi\u00f3n un evento de senderismo que estar\u00e1 limitado a 100 personas por los parajes donde se desarrolla la carrera.<\/p>\n<p style=\"text-align: justify;\">Los organizadores precisaron que se tiene considerada una bolsa de 50 mil pesos a distribuirse en la premiaci\u00f3n de las diversas categor\u00edas.<\/p>\n<p>&nbsp;<\/p>\n<p><img loading=\"lazy\" decoding=\"async\" class=\"alignnone size-full wp-image-28405\" src=\"https:\/\/labestiapolitica.com.mx\/wp-content\/uploads\/2024\/06\/U-NOVA-y-se-diferente.png\" alt=\"\" width=\"1000\" height=\"600\" srcset=\"https:\/\/labestiapolitica.com.mx\/wp-content\/uploads\/2024\/06\/U-NOVA-y-se-diferente.png 1000w, https:\/\/labestiapolitica.com.mx\/wp-content\/uploads\/2024\/06\/U-NOVA-y-se-diferente-300x180.png 300w, https:\/\/labestiapolitica.com.mx\/wp-content\/uploads\/2024\/06\/U-NOVA-y-se-diferente-768x461.png 768w\" sizes=\"auto, (max-width: 1000px) 100vw, 1000px\" \/><\/p>\n","protected":false},"excerpt":{"rendered":"<p>El marat\u00f3n de ciclismo \u00ab400 Conejos\u00bb el Regreso del dios Ometochtli, se realizar\u00e1 el pr\u00f3ximo 31 de agosto y tendr\u00e1 como sede el municipio de Tlaxco, en la zona monta\u00f1osa de Acopinalco del Pe\u00f1\u00f3n, y prev\u00e9 la participaci\u00f3n de 500 deportistas del ciclismo de monta\u00f1a de diversos estados. El presidente de Pulques Team, Juan Carlos [&hellip;]<\/p>\n","protected":false},"author":3,"featured_media":46140,"comment_status":"open","ping_status":"open","sticky":false,"template":"","format":"standard","meta":{"footnotes":""},"categories":[7,5],"tags":[],"class_list":["post-46139","post","type-post","status-publish","format-standard","has-post-thumbnail","hentry","category-ciudadanos","category-deportes"],"amp_enabled":true,"_links":{"self":[{"href":"https:\/\/labestiapolitica.com.mx\/index.php?rest_route=\/wp\/v2\/posts\/46139","targetHints":{"allow":["GET"]}}],"collection":[{"href":"https:\/\/labestiapolitica.com.mx\/index.php?rest_route=\/wp\/v2\/posts"}],"about":[{"href":"https:\/\/labestiapolitica.com.mx\/index.php?rest_route=\/wp\/v2\/types\/post"}],"author":[{"embeddable":true,"href":"https:\/\/labestiapolitica.com.mx\/index.php?rest_route=\/wp\/v2\/users\/3"}],"replies":[{"embeddable":true,"href":"https:\/\/labestiapolitica.com.mx\/index.php?rest_route=%2Fwp%2Fv2%2Fcomments&post=46139"}],"version-history":[{"count":1,"href":"https:\/\/labestiapolitica.com.mx\/index.php?rest_route=\/wp\/v2\/posts\/46139\/revisions"}],"predecessor-version":[{"id":46141,"href":"https:\/\/labestiapolitica.com.mx\/index.php?rest_route=\/wp\/v2\/posts\/46139\/revisions\/46141"}],"wp:featuredmedia":[{"embeddable":true,"href":"https:\/\/labestiapolitica.com.mx\/index.php?rest_route=\/wp\/v2\/media\/46140"}],"wp:attachment":[{"href":"https:\/\/labestiapolitica.com.mx\/index.php?rest_route=%2Fwp%2Fv2%2Fmedia&parent=46139"}],"wp:term":[{"taxonomy":"category","embeddable":true,"href":"https:\/\/labestiapolitica.com.mx\/index.php?rest_route=%2Fwp%2Fv2%2Fcategories&post=46139"},{"taxonomy":"post_tag","embeddable":true,"href":"https:\/\/labestiapolitica.com.mx\/index.php?rest_route=%2Fwp%2Fv2%2Ftags&post=46139"}],"curies":[{"name":"wp","href":"https:\/\/api.w.org\/{rel}","templated":true}]}}