{"id":46178,"date":"2025-07-30T14:58:20","date_gmt":"2025-07-30T20:58:20","guid":{"rendered":"https:\/\/labestiapolitica.com.mx\/?p=46178"},"modified":"2025-07-30T14:58:30","modified_gmt":"2025-07-30T20:58:30","slug":"%f0%9f%93%a3tet-declara-inexistente-contratacion-de-espacios-en-medios-de-comunicacion-para-promocion-de-candidaturas-de-la-eleccion-judicial","status":"publish","type":"post","link":"https:\/\/labestiapolitica.com.mx\/?p=46178","title":{"rendered":"\ud83d\udce3TET declara inexistente contrataci\u00f3n de espacios en medios de comunicaci\u00f3n para promoci\u00f3n de candidaturas de la elecci\u00f3n judicial"},"content":{"rendered":"<p data-start=\"118\" data-end=\"753\">El Tribunal Electoral de Tlaxcala (TET) indic\u00f3 que no existieron contrataciones indebidas de espacios en medios de comunicaci\u00f3n digital con fines de promoci\u00f3n electoral durante el Proceso Electoral Local Extraordinario 2024-2025. Tras analizar los primeros Procedimientos Especiales Sancionadores (PES) iniciados por el Instituto Tlaxcalteca de Elecciones (ITE), el Pleno del TET declar\u00f3 la inexistencia de las infracciones, al no encontrar pruebas de pagos ni de pactos entre candidaturas y medios, y al comprobar que las entrevistas se realizaron durante el periodo permitido y con invitaciones abiertas a todos los aspirantes.<\/p>\n<p data-start=\"755\" data-end=\"1033\">En el caso del medio \u201cAngar Medios\u201d, se determin\u00f3 que la entrevista a una candidata a magistrada no viol\u00f3 la equidad en la contienda, ya que no hubo pago alguno ni exclusividad. Se consider\u00f3 que este tipo de contenidos est\u00e1n protegidos por el derecho a la libertad de expresi\u00f3n.<\/p>\n<p data-start=\"1035\" data-end=\"1331\">Por otra parte, el TET orden\u00f3 reponer siete procedimientos m\u00e1s (PES 004, 016, 022, 028, 034, 043 y 046), al detectar deficiencias en la integraci\u00f3n de los expedientes por parte del ITE, como falta de diligencias b\u00e1sicas, omisi\u00f3n de requerimientos a las partes y errores en los emplazamientos.<\/p>\n<p data-start=\"1333\" data-end=\"1868\">En otro asunto relevante, el Tribunal confirm\u00f3 el acuerdo del ITE mediante el cual se asignaron los cargos de jueces y juezas conforme al principio de paridad de g\u00e9nero. Una aspirante impugn\u00f3 la asignaci\u00f3n argumentando que su candidatura fue desplazada injustamente; sin embargo, el TET resolvi\u00f3 que el ajuste fue constitucional, ya que se aplic\u00f3 un criterio porcentual para medir la representatividad real de las candidaturas masculinas m\u00e1s votadas, privilegiando as\u00ed la participaci\u00f3n femenina sin romper el principio democr\u00e1tico.<\/p>\n<p data-start=\"1870\" data-end=\"2080\" data-is-last-node=\"\" data-is-only-node=\"\">Con estas decisiones, el TET refuerza su postura en favor de procesos transparentes, del derecho a la libertad de expresi\u00f3n, y del respeto a la equidad de g\u00e9nero en la integraci\u00f3n del Poder Judicial del estado.<img loading=\"lazy\" decoding=\"async\" class=\"alignnone size-full wp-image-46183\" src=\"https:\/\/labestiapolitica.com.mx\/wp-content\/uploads\/2025\/07\/\ud83e\uddf9-Servicios-Publicos-dignifica-espacios-en-preescolar-de-Zaragoza-6-1.jpg\" alt=\"\" width=\"1000\" height=\"600\" srcset=\"https:\/\/labestiapolitica.com.mx\/wp-content\/uploads\/2025\/07\/\ud83e\uddf9-Servicios-Publicos-dignifica-espacios-en-preescolar-de-Zaragoza-6-1.jpg 1000w, https:\/\/labestiapolitica.com.mx\/wp-content\/uploads\/2025\/07\/\ud83e\uddf9-Servicios-Publicos-dignifica-espacios-en-preescolar-de-Zaragoza-6-1-300x180.jpg 300w, https:\/\/labestiapolitica.com.mx\/wp-content\/uploads\/2025\/07\/\ud83e\uddf9-Servicios-Publicos-dignifica-espacios-en-preescolar-de-Zaragoza-6-1-768x461.jpg 768w\" sizes=\"auto, (max-width: 1000px) 100vw, 1000px\" \/><img loading=\"lazy\" decoding=\"async\" class=\"alignnone size-full wp-image-46184\" src=\"https:\/\/labestiapolitica.com.mx\/wp-content\/uploads\/2025\/07\/\ud83e\uddf9-Servicios-Publicos-dignifica-espacios-en-preescolar-de-Zaragoza-7-1.jpg\" alt=\"\" width=\"1000\" height=\"600\" srcset=\"https:\/\/labestiapolitica.com.mx\/wp-content\/uploads\/2025\/07\/\ud83e\uddf9-Servicios-Publicos-dignifica-espacios-en-preescolar-de-Zaragoza-7-1.jpg 1000w, https:\/\/labestiapolitica.com.mx\/wp-content\/uploads\/2025\/07\/\ud83e\uddf9-Servicios-Publicos-dignifica-espacios-en-preescolar-de-Zaragoza-7-1-300x180.jpg 300w, https:\/\/labestiapolitica.com.mx\/wp-content\/uploads\/2025\/07\/\ud83e\uddf9-Servicios-Publicos-dignifica-espacios-en-preescolar-de-Zaragoza-7-1-768x461.jpg 768w\" sizes=\"auto, (max-width: 1000px) 100vw, 1000px\" \/><img loading=\"lazy\" decoding=\"async\" class=\"alignnone size-full wp-image-46185\" src=\"https:\/\/labestiapolitica.com.mx\/wp-content\/uploads\/2025\/07\/\ud83e\uddf9-Servicios-Publicos-dignifica-espacios-en-preescolar-de-Zaragoza-8-1.jpg\" alt=\"\" width=\"1000\" height=\"600\" srcset=\"https:\/\/labestiapolitica.com.mx\/wp-content\/uploads\/2025\/07\/\ud83e\uddf9-Servicios-Publicos-dignifica-espacios-en-preescolar-de-Zaragoza-8-1.jpg 1000w, https:\/\/labestiapolitica.com.mx\/wp-content\/uploads\/2025\/07\/\ud83e\uddf9-Servicios-Publicos-dignifica-espacios-en-preescolar-de-Zaragoza-8-1-300x180.jpg 300w, https:\/\/labestiapolitica.com.mx\/wp-content\/uploads\/2025\/07\/\ud83e\uddf9-Servicios-Publicos-dignifica-espacios-en-preescolar-de-Zaragoza-8-1-768x461.jpg 768w\" sizes=\"auto, (max-width: 1000px) 100vw, 1000px\" \/><img loading=\"lazy\" decoding=\"async\" class=\"alignnone size-full wp-image-46186\" src=\"https:\/\/labestiapolitica.com.mx\/wp-content\/uploads\/2025\/07\/\ud83e\uddf9-Servicios-Publicos-dignifica-espacios-en-preescolar-de-Zaragoza-9-1.jpg\" alt=\"\" width=\"1000\" height=\"600\" srcset=\"https:\/\/labestiapolitica.com.mx\/wp-content\/uploads\/2025\/07\/\ud83e\uddf9-Servicios-Publicos-dignifica-espacios-en-preescolar-de-Zaragoza-9-1.jpg 1000w, https:\/\/labestiapolitica.com.mx\/wp-content\/uploads\/2025\/07\/\ud83e\uddf9-Servicios-Publicos-dignifica-espacios-en-preescolar-de-Zaragoza-9-1-300x180.jpg 300w, https:\/\/labestiapolitica.com.mx\/wp-content\/uploads\/2025\/07\/\ud83e\uddf9-Servicios-Publicos-dignifica-espacios-en-preescolar-de-Zaragoza-9-1-768x461.jpg 768w\" sizes=\"auto, (max-width: 1000px) 100vw, 1000px\" \/><img loading=\"lazy\" decoding=\"async\" class=\"alignnone size-full wp-image-45374\" src=\"https:\/\/labestiapolitica.com.mx\/wp-content\/uploads\/2025\/07\/518019574_1267381155399267_6610914214355962584_n.jpg\" alt=\"\" width=\"940\" height=\"788\" srcset=\"https:\/\/labestiapolitica.com.mx\/wp-content\/uploads\/2025\/07\/518019574_1267381155399267_6610914214355962584_n.jpg 940w, https:\/\/labestiapolitica.com.mx\/wp-content\/uploads\/2025\/07\/518019574_1267381155399267_6610914214355962584_n-300x251.jpg 300w, https:\/\/labestiapolitica.com.mx\/wp-content\/uploads\/2025\/07\/518019574_1267381155399267_6610914214355962584_n-768x644.jpg 768w\" sizes=\"auto, (max-width: 940px) 100vw, 940px\" \/><\/p>\n","protected":false},"excerpt":{"rendered":"<p>El Tribunal Electoral de Tlaxcala (TET) indic\u00f3 que no existieron contrataciones indebidas de espacios en medios de comunicaci\u00f3n digital con fines de promoci\u00f3n electoral durante el Proceso Electoral Local Extraordinario 2024-2025. Tras analizar los primeros Procedimientos Especiales Sancionadores (PES) iniciados por el Instituto Tlaxcalteca de Elecciones (ITE), el Pleno del TET declar\u00f3 la inexistencia de [&hellip;]<\/p>\n","protected":false},"author":3,"featured_media":46182,"comment_status":"open","ping_status":"open","sticky":false,"template":"","format":"standard","meta":{"footnotes":""},"categories":[224,236],"tags":[],"class_list":["post-46178","post","type-post","status-publish","format-standard","has-post-thumbnail","hentry","category-congreso-del-estado-de-tlaxcala","category-gobierno-de-tlaxcala"],"amp_enabled":true,"_links":{"self":[{"href":"https:\/\/labestiapolitica.com.mx\/index.php?rest_route=\/wp\/v2\/posts\/46178","targetHints":{"allow":["GET"]}}],"collection":[{"href":"https:\/\/labestiapolitica.com.mx\/index.php?rest_route=\/wp\/v2\/posts"}],"about":[{"href":"https:\/\/labestiapolitica.com.mx\/index.php?rest_route=\/wp\/v2\/types\/post"}],"author":[{"embeddable":true,"href":"https:\/\/labestiapolitica.com.mx\/index.php?rest_route=\/wp\/v2\/users\/3"}],"replies":[{"embeddable":true,"href":"https:\/\/labestiapolitica.com.mx\/index.php?rest_route=%2Fwp%2Fv2%2Fcomments&post=46178"}],"version-history":[{"count":1,"href":"https:\/\/labestiapolitica.com.mx\/index.php?rest_route=\/wp\/v2\/posts\/46178\/revisions"}],"predecessor-version":[{"id":46187,"href":"https:\/\/labestiapolitica.com.mx\/index.php?rest_route=\/wp\/v2\/posts\/46178\/revisions\/46187"}],"wp:featuredmedia":[{"embeddable":true,"href":"https:\/\/labestiapolitica.com.mx\/index.php?rest_route=\/wp\/v2\/media\/46182"}],"wp:attachment":[{"href":"https:\/\/labestiapolitica.com.mx\/index.php?rest_route=%2Fwp%2Fv2%2Fmedia&parent=46178"}],"wp:term":[{"taxonomy":"category","embeddable":true,"href":"https:\/\/labestiapolitica.com.mx\/index.php?rest_route=%2Fwp%2Fv2%2Fcategories&post=46178"},{"taxonomy":"post_tag","embeddable":true,"href":"https:\/\/labestiapolitica.com.mx\/index.php?rest_route=%2Fwp%2Fv2%2Ftags&post=46178"}],"curies":[{"name":"wp","href":"https:\/\/api.w.org\/{rel}","templated":true}]}}