{"id":46191,"date":"2025-07-30T16:16:39","date_gmt":"2025-07-30T22:16:39","guid":{"rendered":"https:\/\/labestiapolitica.com.mx\/?p=46191"},"modified":"2025-07-30T16:31:46","modified_gmt":"2025-07-30T22:31:46","slug":"inicia-jornada-del-centro-fray-julian-garces-sobre-los-pendientes-y-retos-de-la-trata-de-mujeres-y-ninas%f0%9f%91%a9%f0%9f%8f%bc%f0%9f%91%a7%f0%9f%8f%bb","status":"publish","type":"post","link":"https:\/\/labestiapolitica.com.mx\/?p=46191","title":{"rendered":"Inicia jornada del Centro Fray Juli\u00e1n Garc\u00e9s sobre los pendientes y retos de la trata de mujeres y ni\u00f1as\ud83d\udc69\ud83c\udffc\ud83d\udc67\ud83c\udffb"},"content":{"rendered":"<p data-start=\"110\" data-end=\"479\">En el marco del D\u00eda Mundial contra la Trata de Personas, el Centro Fray Juli\u00e1n Garc\u00e9s inaugur\u00f3 esta ma\u00f1ana la jornada \u00abPendientes y retos de la trata de mujeres y ni\u00f1as con fines de explotaci\u00f3n sexual\u00bb, un espacio de reflexi\u00f3n cr\u00edtica, an\u00e1lisis y propuestas frente a una de las problem\u00e1ticas m\u00e1s persistentes en Tlaxcala y el pa\u00eds.<\/p>\n<p data-start=\"481\" data-end=\"809\">Con la presencia de activistas, acad\u00e9micos, representantes de organizaciones sociales y p\u00fablico en general, la jornada busca visibilizar las violencias estructurales que permiten la existencia de redes de trata, as\u00ed como evidenciar la falta de resultados efectivos por parte de las autoridades en la erradicaci\u00f3n de este delito.<\/p>\n<p data-start=\"811\" data-end=\"1105\">Durante el acto inaugural, integrantes del Centro Fray Juli\u00e1n Garc\u00e9s destacaron la importancia de mantener viva la memoria de las v\u00edctimas, exigir justicia y construir estrategias comunitarias que protejan a mujeres y ni\u00f1as, quienes siguen siendo las principales v\u00edctimas de explotaci\u00f3n sexual.<\/p>\n<p data-start=\"1107\" data-end=\"1376\">La jornada incluir\u00e1 conferencias, mesas de di\u00e1logo, testimonios y presentaciones de investigaciones recientes, enfocadas en los mecanismos de impunidad, la participaci\u00f3n social en la prevenci\u00f3n, y la urgencia de un enfoque de derechos humanos en las pol\u00edticas p\u00fablicas.<\/p>\n<p data-start=\"1378\" data-end=\"1642\">El Centro reiter\u00f3 su compromiso de seguir denunciando y acompa\u00f1ando a las v\u00edctimas, as\u00ed como de incidir en una transformaci\u00f3n profunda de las condiciones que permiten que Tlaxcala sea identificada como una entidad hist\u00f3ricamente vinculada con la trata de personas.<\/p>\n<p data-start=\"1644\" data-end=\"1762\" data-is-last-node=\"\" data-is-only-node=\"\">Esta jornada representa un llamado urgente a mirar de frente una realidad dolorosa que no puede seguir normaliz\u00e1ndose.<\/p>\n<p data-start=\"1107\" data-end=\"1376\"><img loading=\"lazy\" decoding=\"async\" class=\"alignnone size-full wp-image-46194\" src=\"https:\/\/labestiapolitica.com.mx\/wp-content\/uploads\/2025\/07\/\ud83e\uddf9-Servicios-Publicos-dignifica-espacios-en-preescolar-de-Zaragoza-10-1.jpg\" alt=\"\" width=\"1000\" height=\"600\" srcset=\"https:\/\/labestiapolitica.com.mx\/wp-content\/uploads\/2025\/07\/\ud83e\uddf9-Servicios-Publicos-dignifica-espacios-en-preescolar-de-Zaragoza-10-1.jpg 1000w, https:\/\/labestiapolitica.com.mx\/wp-content\/uploads\/2025\/07\/\ud83e\uddf9-Servicios-Publicos-dignifica-espacios-en-preescolar-de-Zaragoza-10-1-300x180.jpg 300w, https:\/\/labestiapolitica.com.mx\/wp-content\/uploads\/2025\/07\/\ud83e\uddf9-Servicios-Publicos-dignifica-espacios-en-preescolar-de-Zaragoza-10-1-768x461.jpg 768w\" sizes=\"auto, (max-width: 1000px) 100vw, 1000px\" \/> <img loading=\"lazy\" decoding=\"async\" class=\"alignnone size-full wp-image-46195\" src=\"https:\/\/labestiapolitica.com.mx\/wp-content\/uploads\/2025\/07\/\ud83e\uddf9-Servicios-Publicos-dignifica-espacios-en-preescolar-de-Zaragoza-11.jpg\" alt=\"\" width=\"1000\" height=\"600\" srcset=\"https:\/\/labestiapolitica.com.mx\/wp-content\/uploads\/2025\/07\/\ud83e\uddf9-Servicios-Publicos-dignifica-espacios-en-preescolar-de-Zaragoza-11.jpg 1000w, https:\/\/labestiapolitica.com.mx\/wp-content\/uploads\/2025\/07\/\ud83e\uddf9-Servicios-Publicos-dignifica-espacios-en-preescolar-de-Zaragoza-11-300x180.jpg 300w, https:\/\/labestiapolitica.com.mx\/wp-content\/uploads\/2025\/07\/\ud83e\uddf9-Servicios-Publicos-dignifica-espacios-en-preescolar-de-Zaragoza-11-768x461.jpg 768w\" sizes=\"auto, (max-width: 1000px) 100vw, 1000px\" \/> <img loading=\"lazy\" decoding=\"async\" class=\"alignnone size-full wp-image-46198\" src=\"https:\/\/labestiapolitica.com.mx\/wp-content\/uploads\/2025\/07\/\ud83e\uddf9-Servicios-Publicos-dignifica-espacios-en-preescolar-de-Zaragoza-13.jpg\" alt=\"\" width=\"1000\" height=\"600\" srcset=\"https:\/\/labestiapolitica.com.mx\/wp-content\/uploads\/2025\/07\/\ud83e\uddf9-Servicios-Publicos-dignifica-espacios-en-preescolar-de-Zaragoza-13.jpg 1000w, https:\/\/labestiapolitica.com.mx\/wp-content\/uploads\/2025\/07\/\ud83e\uddf9-Servicios-Publicos-dignifica-espacios-en-preescolar-de-Zaragoza-13-300x180.jpg 300w, https:\/\/labestiapolitica.com.mx\/wp-content\/uploads\/2025\/07\/\ud83e\uddf9-Servicios-Publicos-dignifica-espacios-en-preescolar-de-Zaragoza-13-768x461.jpg 768w\" sizes=\"auto, (max-width: 1000px) 100vw, 1000px\" \/><img loading=\"lazy\" decoding=\"async\" class=\"alignnone size-full wp-image-45376\" src=\"https:\/\/labestiapolitica.com.mx\/wp-content\/uploads\/2025\/07\/518019574_1267381155399267_6610914214355962584_n-1.jpg\" alt=\"\" width=\"940\" height=\"788\" srcset=\"https:\/\/labestiapolitica.com.mx\/wp-content\/uploads\/2025\/07\/518019574_1267381155399267_6610914214355962584_n-1.jpg 940w, https:\/\/labestiapolitica.com.mx\/wp-content\/uploads\/2025\/07\/518019574_1267381155399267_6610914214355962584_n-1-300x251.jpg 300w, https:\/\/labestiapolitica.com.mx\/wp-content\/uploads\/2025\/07\/518019574_1267381155399267_6610914214355962584_n-1-768x644.jpg 768w\" sizes=\"auto, (max-width: 940px) 100vw, 940px\" \/><\/p>\n","protected":false},"excerpt":{"rendered":"<p>En el marco del D\u00eda Mundial contra la Trata de Personas, el Centro Fray Juli\u00e1n Garc\u00e9s inaugur\u00f3 esta ma\u00f1ana la jornada \u00abPendientes y retos de la trata de mujeres y ni\u00f1as con fines de explotaci\u00f3n sexual\u00bb, un espacio de reflexi\u00f3n cr\u00edtica, an\u00e1lisis y propuestas frente a una de las problem\u00e1ticas m\u00e1s persistentes en Tlaxcala y [&hellip;]<\/p>\n","protected":false},"author":3,"featured_media":46196,"comment_status":"open","ping_status":"open","sticky":false,"template":"","format":"standard","meta":{"footnotes":""},"categories":[232,213],"tags":[],"class_list":["post-46191","post","type-post","status-publish","format-standard","has-post-thumbnail","hentry","category-derechos-humanos-tlaxcala","category-educacion"],"amp_enabled":true,"_links":{"self":[{"href":"https:\/\/labestiapolitica.com.mx\/index.php?rest_route=\/wp\/v2\/posts\/46191","targetHints":{"allow":["GET"]}}],"collection":[{"href":"https:\/\/labestiapolitica.com.mx\/index.php?rest_route=\/wp\/v2\/posts"}],"about":[{"href":"https:\/\/labestiapolitica.com.mx\/index.php?rest_route=\/wp\/v2\/types\/post"}],"author":[{"embeddable":true,"href":"https:\/\/labestiapolitica.com.mx\/index.php?rest_route=\/wp\/v2\/users\/3"}],"replies":[{"embeddable":true,"href":"https:\/\/labestiapolitica.com.mx\/index.php?rest_route=%2Fwp%2Fv2%2Fcomments&post=46191"}],"version-history":[{"count":2,"href":"https:\/\/labestiapolitica.com.mx\/index.php?rest_route=\/wp\/v2\/posts\/46191\/revisions"}],"predecessor-version":[{"id":46208,"href":"https:\/\/labestiapolitica.com.mx\/index.php?rest_route=\/wp\/v2\/posts\/46191\/revisions\/46208"}],"wp:featuredmedia":[{"embeddable":true,"href":"https:\/\/labestiapolitica.com.mx\/index.php?rest_route=\/wp\/v2\/media\/46196"}],"wp:attachment":[{"href":"https:\/\/labestiapolitica.com.mx\/index.php?rest_route=%2Fwp%2Fv2%2Fmedia&parent=46191"}],"wp:term":[{"taxonomy":"category","embeddable":true,"href":"https:\/\/labestiapolitica.com.mx\/index.php?rest_route=%2Fwp%2Fv2%2Fcategories&post=46191"},{"taxonomy":"post_tag","embeddable":true,"href":"https:\/\/labestiapolitica.com.mx\/index.php?rest_route=%2Fwp%2Fv2%2Ftags&post=46191"}],"curies":[{"name":"wp","href":"https:\/\/api.w.org\/{rel}","templated":true}]}}