{"id":46317,"date":"2025-07-31T17:45:04","date_gmt":"2025-07-31T23:45:04","guid":{"rendered":"https:\/\/labestiapolitica.com.mx\/?p=46317"},"modified":"2025-07-31T17:45:04","modified_gmt":"2025-07-31T23:45:04","slug":"preside-miriam-martinez-semana-mundial-de-la-lactancia-lactamos-con-amor","status":"publish","type":"post","link":"https:\/\/labestiapolitica.com.mx\/?p=46317","title":{"rendered":"Preside Miriam Mart\u00ednez \u201cSemana Mundial de la Lactancia: Lactamos con Amor\u201d."},"content":{"rendered":"<p style=\"font-weight: 400; text-align: justify;\">En el Patio Vitral del Congreso del Estado, la diputada Miriam Esmeralda Mart\u00ednez S\u00e1nchez presidi\u00f3 el foro \u201cSemana Mundial de la Lactancia: Lactamos con Amor\u201d, un encuentro plural en el que participaron mujeres, autoridades municipales, ciudadanas y ciudadanos comprometidos con el bienestar de las infancias en Tlaxcala. Este espacio tuvo como prop\u00f3sito generar conciencia colectiva sobre la importancia de garantizar el derecho a una lactancia materna digna, libre de estigmas y con respaldo institucional.<\/p>\n<p style=\"font-weight: 400; text-align: justify;\">En su intervenci\u00f3n, la legisladora reiter\u00f3 su firme respaldo al derecho de las mujeres a lactar en libertad, sin miedo, sin prejuicios y sin ning\u00fan tipo de discriminaci\u00f3n. Destac\u00f3 que es indispensable visibilizar esta pr\u00e1ctica como un acto natural y esencial para el desarrollo de la ni\u00f1ez, y como una responsabilidad compartida que debe ser apoyada tanto por el Estado como por la sociedad en su conjunto. Asimismo, consider\u00f3 fundamental continuar impulsando campa\u00f1as de sensibilizaci\u00f3n que rompan estereotipos y promuevan una cultura de respeto hacia las madres lactantes.<\/p>\n<p style=\"font-weight: 400; text-align: justify;\">Mart\u00ednez S\u00e1nchez subray\u00f3 que en Tlaxcala existe una deuda hist\u00f3rica con las mujeres, especialmente en lo que respecta al reconocimiento y protecci\u00f3n de sus derechos reproductivos y de crianza. En ese sentido, reafirm\u00f3 su compromiso de seguir promoviendo iniciativas legislativas que abonen a saldar esa deuda pendiente, mediante acciones concretas que respalden a las mujeres en todas las etapas de la maternidad. \u201cEstoy segura de que esta Legislatura est\u00e1 dispuesta a saldar la deuda hist\u00f3rica con las mujeres, no solo desde el discurso, sino desde el trabajo legislativo comprometido y con perspectiva de g\u00e9nero\u201d, puntualiz\u00f3.<\/p>\n<p style=\"font-weight: 400; text-align: justify;\">Este foro reuni\u00f3 a expertas en derechos humanos, salud materna y asesor\u00eda en lactancia, con el objetivo de reflexionar sobre los pendientes legislativos, sociales y culturales que persisten en torno a esta pr\u00e1ctica fundamental para la salud y el bienestar de ni\u00f1as, ni\u00f1os y mujeres; entre ellas, Martha Isabel Olmedo y Lizbeth Lagunes, as\u00ed como de la activista Coral \u00c1vila.<\/p>\n<p style=\"font-weight: 400; text-align: justify;\">Tambi\u00e9n asistieron regidoras, directores y directoras de los Sistemas Municipales para el Desarrollo Integral de la Familia (DIF), as\u00ed como ciudadanas y ciudadanos interesados en el tema, quienes coincidieron en la necesidad de generar entornos seguros para las madres lactantes. En este espacio informativo y formativo, se abordaron propuestas para promover la creaci\u00f3n de lactarios en espacios p\u00fablicos y centros de trabajo, como una medida que garantice el ejercicio pleno de este derecho.<\/p>\n<p>&nbsp;<\/p>\n<p><img loading=\"lazy\" decoding=\"async\" class=\"alignnone size-full wp-image-28405\" src=\"https:\/\/labestiapolitica.com.mx\/wp-content\/uploads\/2024\/06\/U-NOVA-y-se-diferente.png\" alt=\"\" width=\"1000\" height=\"600\" srcset=\"https:\/\/labestiapolitica.com.mx\/wp-content\/uploads\/2024\/06\/U-NOVA-y-se-diferente.png 1000w, https:\/\/labestiapolitica.com.mx\/wp-content\/uploads\/2024\/06\/U-NOVA-y-se-diferente-300x180.png 300w, https:\/\/labestiapolitica.com.mx\/wp-content\/uploads\/2024\/06\/U-NOVA-y-se-diferente-768x461.png 768w\" sizes=\"auto, (max-width: 1000px) 100vw, 1000px\" \/><\/p>\n","protected":false},"excerpt":{"rendered":"<p>En el Patio Vitral del Congreso del Estado, la diputada Miriam Esmeralda Mart\u00ednez S\u00e1nchez presidi\u00f3 el foro \u201cSemana Mundial de la Lactancia: Lactamos con Amor\u201d, un encuentro plural en el que participaron mujeres, autoridades municipales, ciudadanas y ciudadanos comprometidos con el bienestar de las infancias en Tlaxcala. Este espacio tuvo como prop\u00f3sito generar conciencia colectiva [&hellip;]<\/p>\n","protected":false},"author":3,"featured_media":46318,"comment_status":"open","ping_status":"open","sticky":false,"template":"","format":"standard","meta":{"footnotes":""},"categories":[7,224],"tags":[],"class_list":["post-46317","post","type-post","status-publish","format-standard","has-post-thumbnail","hentry","category-ciudadanos","category-congreso-del-estado-de-tlaxcala"],"amp_enabled":true,"_links":{"self":[{"href":"https:\/\/labestiapolitica.com.mx\/index.php?rest_route=\/wp\/v2\/posts\/46317","targetHints":{"allow":["GET"]}}],"collection":[{"href":"https:\/\/labestiapolitica.com.mx\/index.php?rest_route=\/wp\/v2\/posts"}],"about":[{"href":"https:\/\/labestiapolitica.com.mx\/index.php?rest_route=\/wp\/v2\/types\/post"}],"author":[{"embeddable":true,"href":"https:\/\/labestiapolitica.com.mx\/index.php?rest_route=\/wp\/v2\/users\/3"}],"replies":[{"embeddable":true,"href":"https:\/\/labestiapolitica.com.mx\/index.php?rest_route=%2Fwp%2Fv2%2Fcomments&post=46317"}],"version-history":[{"count":1,"href":"https:\/\/labestiapolitica.com.mx\/index.php?rest_route=\/wp\/v2\/posts\/46317\/revisions"}],"predecessor-version":[{"id":46319,"href":"https:\/\/labestiapolitica.com.mx\/index.php?rest_route=\/wp\/v2\/posts\/46317\/revisions\/46319"}],"wp:featuredmedia":[{"embeddable":true,"href":"https:\/\/labestiapolitica.com.mx\/index.php?rest_route=\/wp\/v2\/media\/46318"}],"wp:attachment":[{"href":"https:\/\/labestiapolitica.com.mx\/index.php?rest_route=%2Fwp%2Fv2%2Fmedia&parent=46317"}],"wp:term":[{"taxonomy":"category","embeddable":true,"href":"https:\/\/labestiapolitica.com.mx\/index.php?rest_route=%2Fwp%2Fv2%2Fcategories&post=46317"},{"taxonomy":"post_tag","embeddable":true,"href":"https:\/\/labestiapolitica.com.mx\/index.php?rest_route=%2Fwp%2Fv2%2Ftags&post=46317"}],"curies":[{"name":"wp","href":"https:\/\/api.w.org\/{rel}","templated":true}]}}