{"id":46320,"date":"2025-07-31T17:47:31","date_gmt":"2025-07-31T23:47:31","guid":{"rendered":"https:\/\/labestiapolitica.com.mx\/?p=46320"},"modified":"2025-07-31T17:47:31","modified_gmt":"2025-07-31T23:47:31","slug":"inicio-la-uatx-su-jornada-de-formacion-y-profesionalizacion-docente-otono-2025","status":"publish","type":"post","link":"https:\/\/labestiapolitica.com.mx\/?p=46320","title":{"rendered":"Inici\u00f3 la UATx su \u201cJornada de Formaci\u00f3n y Profesionalizaci\u00f3n Docente Oto\u00f1o 2025\u201d."},"content":{"rendered":"<ul>\n<li style=\"font-weight: 400; text-align: justify;\">Se busca incrementar la eficiencia y eficacia del proceso educativo en los 46 programas de licenciatura<\/li>\n<\/ul>\n<p style=\"font-weight: 400; text-align: justify;\">Para dotar de herramientas pedag\u00f3gicas a los docentes que imparten c\u00e1tedra en los diferentes programas educativos de la Universidad Aut\u00f3noma de Tlaxcala (UATx), la Unidad Institucional de Profesionalizaci\u00f3n Docente de la Secretar\u00eda Acad\u00e9mica inici\u00f3 la \u201cJornada de Formaci\u00f3n y Profesionalizaci\u00f3n Docente Oto\u00f1o 2025\u201d,\u00a0 con la ponencia \u201cImpulsando la metacognici\u00f3n en la educaci\u00f3n superior a trav\u00e9s de la IA\u201d que imparti\u00f3 el Doctor Antonio Gonz\u00e1lez Grez, Acad\u00e9mico-Investigador y Coordinador en el IFE Living Lab del Instituto para el Futuro de la Educaci\u00f3n del Instituto Tecnol\u00f3gico de Monterrey.<\/p>\n<p style=\"font-weight: 400; text-align: justify;\">En su intervenci\u00f3n, el Maestro Alejandro Palma Su\u00e1rez, Secretario Acad\u00e9mico, en representaci\u00f3n del Doctor Seraf\u00edn Ortiz Ortiz, Rector de la UATx, sostuvo que el prop\u00f3sito de la Jornada de Formaci\u00f3n es proporcionar los instrumentos necesarios para un mejor desempe\u00f1o profesional docente, que permita aumentar la eficacia y eficiencia del proceso educativo.<\/p>\n<p style=\"font-weight: 400; text-align: justify;\">Agradeci\u00f3 el apoyo de los secretarios, coordinadores de divisi\u00f3n, directores de facultad y de las unidades acad\u00e9micas multidisciplinarias por respaldar estas acciones de profesionalizaci\u00f3n docente dirigidas a los catedr\u00e1ticos de las 46 licenciaturas de la Aut\u00f3noma de Tlaxcala.<\/p>\n<p style=\"font-weight: 400; text-align: justify;\">En esta primera ponencia a distancia, el\u00a0Doctor Antonio Gonz\u00e1lez Grez habl\u00f3 acerca de los factores para el desarrollo del talento digital, la estrategia institucional de competencias digitales, el aprendizaje continuo y un modelo educativo innovador, entre otras vertientes de los retos que implica la formaci\u00f3n para los docentes.<\/p>\n<p style=\"font-weight: 400; text-align: justify;\">Explic\u00f3 que es importante que los docentes desarrollen una actitud anticipatoria que les permita abrevar pensamiento nuevo y adquirir aprendizajes, como una herramienta fundamental de bienestar en esta nueva era digital.<\/p>\n<p style=\"font-weight: 400; text-align: justify;\">De igual forma, el Doctor Antonio Gonz\u00e1lez Grez enfatiz\u00f3 que esto les dar\u00e1 la oportunidad de realizar una integraci\u00f3n educativa, responder al cambio, ser aut\u00f3nomos, crear elementos nuevos, contar con una capacidad optativa y ser ciudadanos integrales, actitudes que se busca puedan contribuir a desarrollar en sus estudiantes durante su preparaci\u00f3n profesional para insertarse con herramientas s\u00f3lidas al mercado laboral y enfrentar la realidad social.<\/p>\n<p style=\"font-weight: 400; text-align: justify;\">El experto invitado por la Secretar\u00eda Acad\u00e9mica tambi\u00e9n ha brindado asesor\u00eda en pol\u00edticas de tecnolog\u00eda educativa para la Organizaci\u00f3n de las Naciones Unidas para la Educaci\u00f3n, Ciencias y Cultura, y forma parte del Observatorio de Innovaci\u00f3n Educativa y Cultura Digital (ODITE Barcelona). Adem\u00e1s, ha editado cuatro libros que re\u00fanen experiencias iberoamericanas en innovaci\u00f3n y tendencias educativas, entre otras actividades.<\/p>\n<p>&nbsp;<\/p>\n<p><img loading=\"lazy\" decoding=\"async\" class=\"alignnone size-full wp-image-28405\" src=\"https:\/\/labestiapolitica.com.mx\/wp-content\/uploads\/2024\/06\/U-NOVA-y-se-diferente.png\" alt=\"\" width=\"1000\" height=\"600\" srcset=\"https:\/\/labestiapolitica.com.mx\/wp-content\/uploads\/2024\/06\/U-NOVA-y-se-diferente.png 1000w, https:\/\/labestiapolitica.com.mx\/wp-content\/uploads\/2024\/06\/U-NOVA-y-se-diferente-300x180.png 300w, https:\/\/labestiapolitica.com.mx\/wp-content\/uploads\/2024\/06\/U-NOVA-y-se-diferente-768x461.png 768w\" sizes=\"auto, (max-width: 1000px) 100vw, 1000px\" \/><\/p>\n","protected":false},"excerpt":{"rendered":"<p>Se busca incrementar la eficiencia y eficacia del proceso educativo en los 46 programas de licenciatura Para dotar de herramientas pedag\u00f3gicas a los docentes que imparten c\u00e1tedra en los diferentes programas educativos de la Universidad Aut\u00f3noma de Tlaxcala (UATx), la Unidad Institucional de Profesionalizaci\u00f3n Docente de la Secretar\u00eda Acad\u00e9mica inici\u00f3 la \u201cJornada de Formaci\u00f3n y [&hellip;]<\/p>\n","protected":false},"author":3,"featured_media":46321,"comment_status":"open","ping_status":"open","sticky":false,"template":"","format":"standard","meta":{"footnotes":""},"categories":[7,213,241],"tags":[],"class_list":["post-46320","post","type-post","status-publish","format-standard","has-post-thumbnail","hentry","category-ciudadanos","category-educacion","category-uatx"],"amp_enabled":true,"_links":{"self":[{"href":"https:\/\/labestiapolitica.com.mx\/index.php?rest_route=\/wp\/v2\/posts\/46320","targetHints":{"allow":["GET"]}}],"collection":[{"href":"https:\/\/labestiapolitica.com.mx\/index.php?rest_route=\/wp\/v2\/posts"}],"about":[{"href":"https:\/\/labestiapolitica.com.mx\/index.php?rest_route=\/wp\/v2\/types\/post"}],"author":[{"embeddable":true,"href":"https:\/\/labestiapolitica.com.mx\/index.php?rest_route=\/wp\/v2\/users\/3"}],"replies":[{"embeddable":true,"href":"https:\/\/labestiapolitica.com.mx\/index.php?rest_route=%2Fwp%2Fv2%2Fcomments&post=46320"}],"version-history":[{"count":1,"href":"https:\/\/labestiapolitica.com.mx\/index.php?rest_route=\/wp\/v2\/posts\/46320\/revisions"}],"predecessor-version":[{"id":46322,"href":"https:\/\/labestiapolitica.com.mx\/index.php?rest_route=\/wp\/v2\/posts\/46320\/revisions\/46322"}],"wp:featuredmedia":[{"embeddable":true,"href":"https:\/\/labestiapolitica.com.mx\/index.php?rest_route=\/wp\/v2\/media\/46321"}],"wp:attachment":[{"href":"https:\/\/labestiapolitica.com.mx\/index.php?rest_route=%2Fwp%2Fv2%2Fmedia&parent=46320"}],"wp:term":[{"taxonomy":"category","embeddable":true,"href":"https:\/\/labestiapolitica.com.mx\/index.php?rest_route=%2Fwp%2Fv2%2Fcategories&post=46320"},{"taxonomy":"post_tag","embeddable":true,"href":"https:\/\/labestiapolitica.com.mx\/index.php?rest_route=%2Fwp%2Fv2%2Ftags&post=46320"}],"curies":[{"name":"wp","href":"https:\/\/api.w.org\/{rel}","templated":true}]}}