{"id":46383,"date":"2025-08-01T12:46:24","date_gmt":"2025-08-01T18:46:24","guid":{"rendered":"https:\/\/labestiapolitica.com.mx\/?p=46383"},"modified":"2025-08-01T12:46:26","modified_gmt":"2025-08-01T18:46:26","slug":"marcela-gonzalez-asegura-en-emiliano-zapata-que-la-transformacion-se-construye-con-el-pueblo%f0%9f%97%a3%ef%b8%8f","status":"publish","type":"post","link":"https:\/\/labestiapolitica.com.mx\/?p=46383","title":{"rendered":"Marcela Gonz\u00e1lez asegura en Emiliano Zapata que la transformaci\u00f3n se construye con el pueblo\ud83d\udde3\ufe0f"},"content":{"rendered":"<p style=\"text-align: justify;\" data-start=\"193\" data-end=\"575\">La presidenta estatal de Morena en Tlaxcala, Marcela Gonz\u00e1lez Castillo, encabez\u00f3 una asamblea informativa en el municipio de Emiliano Zapata, donde se reuni\u00f3 con militantes, simpatizantes y vecinas y vecinos de la comunidad, con el objetivo de fortalecer la unidad del movimiento y compartir los avances de la Cuarta Transformaci\u00f3n.<\/p>\n<p style=\"text-align: justify;\" data-start=\"577\" data-end=\"924\">Durante su intervenci\u00f3n, Gonz\u00e1lez afirm\u00f3 que el proyecto de naci\u00f3n que impulsa Morena no se impone desde arriba, sino que se construye junto al pueblo: \u201cLa transformaci\u00f3n no se impone, se construye desde abajo, con la gente, escuchando, caminando y organiz\u00e1ndonos. En Emiliano Zapata hay fuerza, dignidad y voluntad para seguir haciendo historia\u201d.<\/p>\n<p style=\"text-align: justify;\" data-start=\"926\" data-end=\"1334\">La asamblea sirvi\u00f3 como un espacio de di\u00e1logo abierto, donde la dirigente estatal reiter\u00f3 los principios fundamentales del movimiento: no mentir, no robar y no traicionar al pueblo. Asimismo, habl\u00f3 sobre la campa\u00f1a nacional de afiliaci\u00f3n \u201cS\u00famate. Somos millones\u201d, con la que Morena busca ampliar su base militante e invitar a m\u00e1s ciudadanas y ciudadanos a participar activamente en la vida pol\u00edtica del pa\u00eds.<\/p>\n<p style=\"text-align: justify;\" data-start=\"1336\" data-end=\"1535\">\u201cEl pueblo de Emiliano Zapata representa el esp\u00edritu de lucha y trabajo colectivo que impulsa la transformaci\u00f3n. Aqu\u00ed se siente el compromiso con el cambio verdadero\u201d, expres\u00f3 la dirigente morenista.<\/p>\n<p style=\"text-align: justify;\" data-start=\"1537\" data-end=\"1789\">Estos encuentros, se\u00f1al\u00f3, forman parte del esfuerzo continuo por mantener viva la organizaci\u00f3n territorial, fomentar la participaci\u00f3n ciudadana y reafirmar que Morena sigue siendo un instrumento del pueblo para garantizar el bienestar de todas y todos.<img loading=\"lazy\" decoding=\"async\" class=\"alignnone size-full wp-image-46384\" src=\"https:\/\/labestiapolitica.com.mx\/wp-content\/uploads\/2025\/08\/\ud83e\uddf9-Servicios-Publicos-dignifica-espacios-en-preescolar-de-Zaragoza.jpg\" alt=\"\" width=\"1000\" height=\"600\" srcset=\"https:\/\/labestiapolitica.com.mx\/wp-content\/uploads\/2025\/08\/\ud83e\uddf9-Servicios-Publicos-dignifica-espacios-en-preescolar-de-Zaragoza.jpg 1000w, https:\/\/labestiapolitica.com.mx\/wp-content\/uploads\/2025\/08\/\ud83e\uddf9-Servicios-Publicos-dignifica-espacios-en-preescolar-de-Zaragoza-300x180.jpg 300w, https:\/\/labestiapolitica.com.mx\/wp-content\/uploads\/2025\/08\/\ud83e\uddf9-Servicios-Publicos-dignifica-espacios-en-preescolar-de-Zaragoza-768x461.jpg 768w\" sizes=\"auto, (max-width: 1000px) 100vw, 1000px\" \/><img loading=\"lazy\" decoding=\"async\" class=\"alignnone size-full wp-image-45376\" src=\"https:\/\/labestiapolitica.com.mx\/wp-content\/uploads\/2025\/07\/518019574_1267381155399267_6610914214355962584_n-1.jpg\" alt=\"\" width=\"940\" height=\"788\" srcset=\"https:\/\/labestiapolitica.com.mx\/wp-content\/uploads\/2025\/07\/518019574_1267381155399267_6610914214355962584_n-1.jpg 940w, https:\/\/labestiapolitica.com.mx\/wp-content\/uploads\/2025\/07\/518019574_1267381155399267_6610914214355962584_n-1-300x251.jpg 300w, https:\/\/labestiapolitica.com.mx\/wp-content\/uploads\/2025\/07\/518019574_1267381155399267_6610914214355962584_n-1-768x644.jpg 768w\" sizes=\"auto, (max-width: 940px) 100vw, 940px\" \/><\/p>\n","protected":false},"excerpt":{"rendered":"<p>La presidenta estatal de Morena en Tlaxcala, Marcela Gonz\u00e1lez Castillo, encabez\u00f3 una asamblea informativa en el municipio de Emiliano Zapata, donde se reuni\u00f3 con militantes, simpatizantes y vecinas y vecinos de la comunidad, con el objetivo de fortalecer la unidad del movimiento y compartir los avances de la Cuarta Transformaci\u00f3n. Durante su intervenci\u00f3n, Gonz\u00e1lez afirm\u00f3 [&hellip;]<\/p>\n","protected":false},"author":3,"featured_media":46385,"comment_status":"open","ping_status":"open","sticky":false,"template":"","format":"standard","meta":{"footnotes":""},"categories":[236,214],"tags":[],"class_list":["post-46383","post","type-post","status-publish","format-standard","has-post-thumbnail","hentry","category-gobierno-de-tlaxcala","category-tlaxcala-capital"],"amp_enabled":true,"_links":{"self":[{"href":"https:\/\/labestiapolitica.com.mx\/index.php?rest_route=\/wp\/v2\/posts\/46383","targetHints":{"allow":["GET"]}}],"collection":[{"href":"https:\/\/labestiapolitica.com.mx\/index.php?rest_route=\/wp\/v2\/posts"}],"about":[{"href":"https:\/\/labestiapolitica.com.mx\/index.php?rest_route=\/wp\/v2\/types\/post"}],"author":[{"embeddable":true,"href":"https:\/\/labestiapolitica.com.mx\/index.php?rest_route=\/wp\/v2\/users\/3"}],"replies":[{"embeddable":true,"href":"https:\/\/labestiapolitica.com.mx\/index.php?rest_route=%2Fwp%2Fv2%2Fcomments&post=46383"}],"version-history":[{"count":1,"href":"https:\/\/labestiapolitica.com.mx\/index.php?rest_route=\/wp\/v2\/posts\/46383\/revisions"}],"predecessor-version":[{"id":46386,"href":"https:\/\/labestiapolitica.com.mx\/index.php?rest_route=\/wp\/v2\/posts\/46383\/revisions\/46386"}],"wp:featuredmedia":[{"embeddable":true,"href":"https:\/\/labestiapolitica.com.mx\/index.php?rest_route=\/wp\/v2\/media\/46385"}],"wp:attachment":[{"href":"https:\/\/labestiapolitica.com.mx\/index.php?rest_route=%2Fwp%2Fv2%2Fmedia&parent=46383"}],"wp:term":[{"taxonomy":"category","embeddable":true,"href":"https:\/\/labestiapolitica.com.mx\/index.php?rest_route=%2Fwp%2Fv2%2Fcategories&post=46383"},{"taxonomy":"post_tag","embeddable":true,"href":"https:\/\/labestiapolitica.com.mx\/index.php?rest_route=%2Fwp%2Fv2%2Ftags&post=46383"}],"curies":[{"name":"wp","href":"https:\/\/api.w.org\/{rel}","templated":true}]}}