{"id":46643,"date":"2025-08-05T20:04:35","date_gmt":"2025-08-06T02:04:35","guid":{"rendered":"https:\/\/labestiapolitica.com.mx\/?p=46643"},"modified":"2025-08-05T20:04:35","modified_gmt":"2025-08-06T02:04:35","slug":"zacatelco-conmemora-el-137-aniversario-del-natalicio-del-general-domingo-arenas-perez","status":"publish","type":"post","link":"https:\/\/labestiapolitica.com.mx\/?p=46643","title":{"rendered":"Zacatelco conmemora el 137 aniversario del natalicio del General Domingo Arenas P\u00e9rez."},"content":{"rendered":"<p style=\"text-align: justify;\">En una emotiva ceremonia c\u00edvica, el Gobierno Municipal de Zacatelco conmemor\u00f3 el 137 aniversario del natalicio del General de Divisi\u00f3n Domingo Arenas P\u00e9rez, destacando su papel fundamental en la historia y su lucha por la justicia agraria y social.<\/p>\n<p style=\"text-align: justify;\">El acto solemne celebrado en la explanada del parque municipal, fue encabezado por el presidente municipal Jos\u00e9 Miguel Acatzi Luna, en coordinaci\u00f3n con autoridades estatales a trav\u00e9s de la Secretar\u00eda de Educaci\u00f3n P\u00fablica. Durante la ceremonia, se rindieron honores al revolucionario tlaxcalteca, cuya vida y legado marcaron profundamente la identidad del pueblo zacatelquense.<\/p>\n<p style=\"text-align: justify;\">En su intervenci\u00f3n, el alcalde Jos\u00e9 Miguel Acatzi Luna reafirm\u00f3 el compromiso de su administraci\u00f3n por mantener vivo el legado del General Arenas, destacando su valent\u00eda y su lucha incansable por los derechos del pueblo.<\/p>\n<p style=\"text-align: justify;\">\u00abHoy Zacatelco rinde homenaje al General Domingo Arenas P\u00e9rez, cuyo ejemplo de valent\u00eda marc\u00f3 la identidad de nuestro pueblo y nos llena de orgullo\u00bb, expres\u00f3.<\/p>\n<p style=\"text-align: justify;\">El cronista municipal Guillermo Luna, ofreci\u00f3 una rese\u00f1a hist\u00f3rica sobre la vida del militar revolucionario, recordando su papel clave en la defensa de la tierra y su oposici\u00f3n a las injusticias sociales de su \u00e9poca.<\/p>\n<p style=\"text-align: justify;\">Como parte del tributo, se colocaron ofrendas florales y se mont\u00f3 una guardia de honor frente a los monumentos en memoria del General Domingo Arenas, con la participaci\u00f3n de autoridades municipales, estatales y familiares del homenajeado.<\/p>\n<p style=\"text-align: justify;\">Este acto conmemorativo no solo record\u00f3 la figura del General Arenas, sino que tambi\u00e9n sirvi\u00f3 como un recordatorio de que sus ideales siguen vigentes en la construcci\u00f3n de un Zacatelco m\u00e1s justo, equitativo y digno para todas y todos sus ciudadanos.<\/p>\n<p>&nbsp;<\/p>\n<p><img loading=\"lazy\" decoding=\"async\" class=\"alignnone size-full wp-image-28405\" src=\"https:\/\/labestiapolitica.com.mx\/wp-content\/uploads\/2024\/06\/U-NOVA-y-se-diferente.png\" alt=\"\" width=\"1000\" height=\"600\" srcset=\"https:\/\/labestiapolitica.com.mx\/wp-content\/uploads\/2024\/06\/U-NOVA-y-se-diferente.png 1000w, https:\/\/labestiapolitica.com.mx\/wp-content\/uploads\/2024\/06\/U-NOVA-y-se-diferente-300x180.png 300w, https:\/\/labestiapolitica.com.mx\/wp-content\/uploads\/2024\/06\/U-NOVA-y-se-diferente-768x461.png 768w\" sizes=\"auto, (max-width: 1000px) 100vw, 1000px\" \/><\/p>\n","protected":false},"excerpt":{"rendered":"<p>En una emotiva ceremonia c\u00edvica, el Gobierno Municipal de Zacatelco conmemor\u00f3 el 137 aniversario del natalicio del General de Divisi\u00f3n Domingo Arenas P\u00e9rez, destacando su papel fundamental en la historia y su lucha por la justicia agraria y social. El acto solemne celebrado en la explanada del parque municipal, fue encabezado por el presidente municipal [&hellip;]<\/p>\n","protected":false},"author":3,"featured_media":46644,"comment_status":"open","ping_status":"open","sticky":false,"template":"","format":"standard","meta":{"footnotes":""},"categories":[7,216,217],"tags":[],"class_list":["post-46643","post","type-post","status-publish","format-standard","has-post-thumbnail","hentry","category-ciudadanos","category-municipios","category-zacatelco"],"amp_enabled":true,"_links":{"self":[{"href":"https:\/\/labestiapolitica.com.mx\/index.php?rest_route=\/wp\/v2\/posts\/46643","targetHints":{"allow":["GET"]}}],"collection":[{"href":"https:\/\/labestiapolitica.com.mx\/index.php?rest_route=\/wp\/v2\/posts"}],"about":[{"href":"https:\/\/labestiapolitica.com.mx\/index.php?rest_route=\/wp\/v2\/types\/post"}],"author":[{"embeddable":true,"href":"https:\/\/labestiapolitica.com.mx\/index.php?rest_route=\/wp\/v2\/users\/3"}],"replies":[{"embeddable":true,"href":"https:\/\/labestiapolitica.com.mx\/index.php?rest_route=%2Fwp%2Fv2%2Fcomments&post=46643"}],"version-history":[{"count":1,"href":"https:\/\/labestiapolitica.com.mx\/index.php?rest_route=\/wp\/v2\/posts\/46643\/revisions"}],"predecessor-version":[{"id":46645,"href":"https:\/\/labestiapolitica.com.mx\/index.php?rest_route=\/wp\/v2\/posts\/46643\/revisions\/46645"}],"wp:featuredmedia":[{"embeddable":true,"href":"https:\/\/labestiapolitica.com.mx\/index.php?rest_route=\/wp\/v2\/media\/46644"}],"wp:attachment":[{"href":"https:\/\/labestiapolitica.com.mx\/index.php?rest_route=%2Fwp%2Fv2%2Fmedia&parent=46643"}],"wp:term":[{"taxonomy":"category","embeddable":true,"href":"https:\/\/labestiapolitica.com.mx\/index.php?rest_route=%2Fwp%2Fv2%2Fcategories&post=46643"},{"taxonomy":"post_tag","embeddable":true,"href":"https:\/\/labestiapolitica.com.mx\/index.php?rest_route=%2Fwp%2Fv2%2Ftags&post=46643"}],"curies":[{"name":"wp","href":"https:\/\/api.w.org\/{rel}","templated":true}]}}