{"id":46646,"date":"2025-08-05T20:08:02","date_gmt":"2025-08-06T02:08:02","guid":{"rendered":"https:\/\/labestiapolitica.com.mx\/?p=46646"},"modified":"2025-08-05T20:08:02","modified_gmt":"2025-08-06T02:08:02","slug":"ayuntamiento-de-tlaxcala-invita-a-una-tarde-de-arte-y-tradicion-con-tertulia-y-cine-taurino","status":"publish","type":"post","link":"https:\/\/labestiapolitica.com.mx\/?p=46646","title":{"rendered":"Ayuntamiento de Tlaxcala invita a una tarde de arte y tradici\u00f3n con tertulia y cine taurino."},"content":{"rendered":"<p style=\"text-align: justify;\">Como una forma de preservar y enaltecer las expresiones culturales que dan identidad a la capital, el Ayuntamiento de Tlaxcala, que encabeza el presidente municipal Alfonso S\u00e1nchez Garc\u00eda, invita al p\u00fablico en general a la Tertulia y Cine Taurino, un evento de alto valor simb\u00f3lico que reunir\u00e1 a dos figuras consagradas de la tauromaquia tlaxcalteca: Uriel Moreno \u201cEl Zapata\u201d y Sergio Flores.<\/p>\n<p style=\"text-align: justify;\">La cita es el pr\u00f3ximo viernes 8 de agosto, a las 16:30 horas, en la Plaza de Toros Jorge Aguilar \u201cEl Ranchero\u201d, uno de los recintos taurinos m\u00e1s importantes del pa\u00eds. En este espacio cargado de historia y tradici\u00f3n, los asistentes podr\u00e1n escuchar de viva voz las experiencias, an\u00e9cdotas y perspectivas de estos dos toreros que han llevado el nombre de Tlaxcala a los ruedos del mundo.<\/p>\n<p style=\"text-align: justify;\">La tertulia ser\u00e1 un punto de encuentro entre generaciones, donde el di\u00e1logo sobre el arte del toreo se vivir\u00e1 en un ambiente cercano y reflexivo. La jornada se complementar\u00e1 con la proyecci\u00f3n de una cinta relacionada con la tauromaquia, lo que enriquecer\u00e1 la experiencia cultural del p\u00fablico.<\/p>\n<p style=\"text-align: justify;\">El Gobierno Municipal de Tlaxcala extiende esta invitaci\u00f3n a aficionados, estudiantes, promotores culturales y ciudadan\u00eda en general, para que participen en esta actividad que fortalece el sentido de pertenencia, promueve el respeto por las tradiciones y celebra la riqueza del patrimonio taurino de nuestra tierra.<\/p>\n<p>&nbsp;<\/p>\n<p><img loading=\"lazy\" decoding=\"async\" class=\"alignnone size-full wp-image-28405\" src=\"https:\/\/labestiapolitica.com.mx\/wp-content\/uploads\/2024\/06\/U-NOVA-y-se-diferente.png\" alt=\"\" width=\"1000\" height=\"600\" srcset=\"https:\/\/labestiapolitica.com.mx\/wp-content\/uploads\/2024\/06\/U-NOVA-y-se-diferente.png 1000w, https:\/\/labestiapolitica.com.mx\/wp-content\/uploads\/2024\/06\/U-NOVA-y-se-diferente-300x180.png 300w, https:\/\/labestiapolitica.com.mx\/wp-content\/uploads\/2024\/06\/U-NOVA-y-se-diferente-768x461.png 768w\" sizes=\"auto, (max-width: 1000px) 100vw, 1000px\" \/><\/p>\n","protected":false},"excerpt":{"rendered":"<p>Como una forma de preservar y enaltecer las expresiones culturales que dan identidad a la capital, el Ayuntamiento de Tlaxcala, que encabeza el presidente municipal Alfonso S\u00e1nchez Garc\u00eda, invita al p\u00fablico en general a la Tertulia y Cine Taurino, un evento de alto valor simb\u00f3lico que reunir\u00e1 a dos figuras consagradas de la tauromaquia tlaxcalteca: [&hellip;]<\/p>\n","protected":false},"author":3,"featured_media":46647,"comment_status":"open","ping_status":"open","sticky":false,"template":"","format":"standard","meta":{"footnotes":""},"categories":[7,216,214],"tags":[],"class_list":["post-46646","post","type-post","status-publish","format-standard","has-post-thumbnail","hentry","category-ciudadanos","category-municipios","category-tlaxcala-capital"],"amp_enabled":true,"_links":{"self":[{"href":"https:\/\/labestiapolitica.com.mx\/index.php?rest_route=\/wp\/v2\/posts\/46646","targetHints":{"allow":["GET"]}}],"collection":[{"href":"https:\/\/labestiapolitica.com.mx\/index.php?rest_route=\/wp\/v2\/posts"}],"about":[{"href":"https:\/\/labestiapolitica.com.mx\/index.php?rest_route=\/wp\/v2\/types\/post"}],"author":[{"embeddable":true,"href":"https:\/\/labestiapolitica.com.mx\/index.php?rest_route=\/wp\/v2\/users\/3"}],"replies":[{"embeddable":true,"href":"https:\/\/labestiapolitica.com.mx\/index.php?rest_route=%2Fwp%2Fv2%2Fcomments&post=46646"}],"version-history":[{"count":1,"href":"https:\/\/labestiapolitica.com.mx\/index.php?rest_route=\/wp\/v2\/posts\/46646\/revisions"}],"predecessor-version":[{"id":46648,"href":"https:\/\/labestiapolitica.com.mx\/index.php?rest_route=\/wp\/v2\/posts\/46646\/revisions\/46648"}],"wp:featuredmedia":[{"embeddable":true,"href":"https:\/\/labestiapolitica.com.mx\/index.php?rest_route=\/wp\/v2\/media\/46647"}],"wp:attachment":[{"href":"https:\/\/labestiapolitica.com.mx\/index.php?rest_route=%2Fwp%2Fv2%2Fmedia&parent=46646"}],"wp:term":[{"taxonomy":"category","embeddable":true,"href":"https:\/\/labestiapolitica.com.mx\/index.php?rest_route=%2Fwp%2Fv2%2Fcategories&post=46646"},{"taxonomy":"post_tag","embeddable":true,"href":"https:\/\/labestiapolitica.com.mx\/index.php?rest_route=%2Fwp%2Fv2%2Ftags&post=46646"}],"curies":[{"name":"wp","href":"https:\/\/api.w.org\/{rel}","templated":true}]}}