{"id":46661,"date":"2025-08-06T10:36:37","date_gmt":"2025-08-06T16:36:37","guid":{"rendered":"https:\/\/labestiapolitica.com.mx\/?p=46661"},"modified":"2025-08-06T10:36:37","modified_gmt":"2025-08-06T16:36:37","slug":"%f0%9f%9a%a8-cinco-fugas-de-migrantes-un-amotinamiento-y-ahora-un-intento-de-suicidio-la-crisis-silenciosa-en-los-albergues-del-dif-estatal","status":"publish","type":"post","link":"https:\/\/labestiapolitica.com.mx\/?p=46661","title":{"rendered":"\ud83d\udea8 Cinco fugas de migrantes, un amotinamiento y ahora un intento de suicidio: la crisis silenciosa en los albergues del DIF estatal"},"content":{"rendered":"<p data-start=\"134\" data-end=\"711\">El intento de suicidio de una menor de edad en un Centro de Asistencia Social (CAS) del DIF estatal ha vuelto a colocar bajo los reflectores la cr\u00edtica situaci\u00f3n que viven los albergues a cargo del gobierno de Tlaxcala. Lejos de tratarse de un hecho aislado, este caso se suma a una larga lista de episodios preocupantes durante la administraci\u00f3n de Lorena Cu\u00e9llar Cisneros, que acumula al menos cinco fugas de migrantes, un amotinamiento y ahora una emergencia m\u00e9dica con una adolescente, todos ocurridos bajo la supervisi\u00f3n del DIF estatal.<\/p>\n<p style=\"text-align: justify;\" data-start=\"713\" data-end=\"1034\">La noche del 5 de agosto, trascendi\u00f3 que una menor de entre 12 y 15 a\u00f1os supuestamente intent\u00f3 quitarse la vida utilizando agujetas para colgarse de un punto fijo dentro del CAS ubicado en Acuitlapilco. Seg\u00fan versiones de reporteros que cubren la fuente, tr\u00e1mites burocr\u00e1ticos habr\u00edan retrasado su traslado a un hospital.<\/p>\n<p style=\"text-align: justify;\" data-start=\"1036\" data-end=\"1617\">El Sistema Estatal para el Desarrollo Integral de la Familia (Sedif) inform\u00f3 mediante un comunicado que la menor se encuentra fuera de peligro gracias a la \u00aboportuna intervenci\u00f3n del personal especializado\u00bb, quienes activaron los protocolos de atenci\u00f3n a crisis. Adem\u00e1s, asegur\u00f3 que se solicit\u00f3 el apoyo de instituciones m\u00e9dicas y de auxilio, y que se ha brindado acompa\u00f1amiento emocional y m\u00e9dico a la adolescente. La dependencia justific\u00f3 la falta de m\u00e1s detalles argumentando respeto a la privacidad y cumplimiento de la legislaci\u00f3n en materia de protecci\u00f3n de datos de menores.<\/p>\n<h3 style=\"text-align: justify;\" data-start=\"1619\" data-end=\"1638\">Los otros casos<\/h3>\n<p style=\"text-align: justify;\" data-start=\"1640\" data-end=\"2109\">Desde septiembre de 2021 a la fecha, los albergues del DIF estatal han sido escenario de al menos cinco fugas documentadas por medios de comunicaci\u00f3n, con un total de 23 migrantes centroamericanos evadidos, incluidos 15 menores de edad, la mayor\u00eda de ellos no acompa\u00f1ados. En todos estos episodios ha sido com\u00fan la falta de transparencia, omisiones institucionales, contradicciones en las versiones oficiales y reacciones tard\u00edas por parte del gobierno estatal.<\/p>\n<p style=\"text-align: justify;\" data-start=\"2111\" data-end=\"2687\">Uno de los episodios m\u00e1s graves ocurri\u00f3 el 5 de julio de 2023, cuando 14 personas migrantes, entre ellos seis menores, se amotinaron y escaparon del Albergue Temporal para la Ni\u00f1ez Migrante Acompa\u00f1ada, en Santa Cruz Tlaxcala. La Fiscal\u00eda Especializada tard\u00f3 cuatro d\u00edas en emitir las fichas de b\u00fasqueda, y ocult\u00f3 que la evasi\u00f3n se produjo tras un mot\u00edn. La Secretar\u00eda de Gobierno (Segob) incluso minimiz\u00f3 el hecho, afirmando que las personas \u00absalieron por voluntad propia\u00bb, pese a que un parte informativo de la polic\u00eda municipal confirm\u00f3 que se trat\u00f3 de una fuga.<\/p>\n<p style=\"text-align: justify;\" data-start=\"2689\" data-end=\"2971\">El 29 de enero de 2023, dos menores tambi\u00e9n escaparon del CAS en el fraccionamiento Los Girasoles, en Tzompantepec. Un caso similar se dio el 7 de octubre de 2021, cuando un adolescente burl\u00f3 la vigilancia durante una revisi\u00f3n m\u00e9dica en el Hospital Regional de Tzompantepec.<\/p>\n<p style=\"text-align: justify;\" data-start=\"2973\" data-end=\"3627\">Otro caso relevante se remonta al 20 de septiembre de 2021, cuando un adolescente hondure\u00f1o con residencia por refugio en M\u00e9xico escap\u00f3 de un CAS estatal. Por este hecho, la Comisi\u00f3n Nacional de los Derechos Humanos (CNDH) emiti\u00f3 la recomendaci\u00f3n 25\/2023, dirigida al Instituto Nacional de Migraci\u00f3n (INM) y a autoridades de Chiapas, Puebla y Tlaxcala, incluida la directora general del Sedif, Flor de Mar\u00eda L\u00f3pez Hinojosa, por no garantizar una atenci\u00f3n efectiva y oportuna. La CNDH concluy\u00f3 que la evasi\u00f3n fue consecuencia de acciones tard\u00edas de la Procuradur\u00eda para la Protecci\u00f3n de Ni\u00f1as, Ni\u00f1os y Adolescentes del Estado (Ppnnat).<\/p>\n<p style=\"text-align: justify;\" data-start=\"3629\" data-end=\"3943\">Un d\u00eda antes de ese hecho, el 19 de septiembre de 2021, otros cinco menores de edad migrantes, originarios de Honduras y El Salvador, se evadieron de un albergue estatal. No fue sino hasta el 21 de septiembre cuando se activaron las alertas Amber y se abri\u00f3 la carpeta de investigaci\u00f3n correspondiente.<\/p>\n<h3 style=\"text-align: justify;\" data-start=\"3945\" data-end=\"3976\">Dos detenidos\u2026 sin claridad<\/h3>\n<p style=\"text-align: justify;\" data-start=\"3978\" data-end=\"4448\">En agosto de 2024, la Segob reconoci\u00f3 que dos empleados del Albergue de Migrantes no Acompa\u00f1ados, tambi\u00e9n en Santa Cruz Tlaxcala, fueron cesados y denunciados penalmente por \u201cpresunta conducta delictiva\u201d. La Procuradur\u00eda de Protecci\u00f3n de Ni\u00f1as, Ni\u00f1os y Adolescentes emiti\u00f3 un comunicado en el que inform\u00f3 sobre una orden de aprehensi\u00f3n ejecutada, pero hasta ahora no se conocen detalles sobre el delito ni la conexi\u00f3n con los casos de fuga antes mencionados.<\/p>\n<h3 style=\"text-align: justify;\" data-start=\"4450\" data-end=\"4476\">Silencio institucional<\/h3>\n<p style=\"text-align: justify;\" data-start=\"4478\" data-end=\"4846\">Desde el primer caso registrado en septiembre de 2021, el gobierno de Lorena Cu\u00e9llar ha optado por el silencio institucional. Incluso la Comisi\u00f3n Estatal de Derechos Humanos (CEDHT) prometi\u00f3 entonces actuar conforme a la ley, pero a casi cuatro a\u00f1os de distancia su presidenta Jakqueline Ord\u00f3\u00f1ez Brasdefer no ha informado p\u00fablicamente qu\u00e9 ha hecho al respecto.<\/p>\n<p style=\"text-align: justify;\" data-start=\"4848\" data-end=\"5147\">Mientras tanto, los centros de resguardo operados por el DIF estatal siguen acumulando incidentes graves que exponen no s\u00f3lo a ni\u00f1as, ni\u00f1os y adolescentes migrantes, sino tambi\u00e9n a los propios funcionarios por posibles omisiones que podr\u00edan traducirse en responsabilidades administrativas o penales.<\/p>\n<p style=\"text-align: justify;\" data-start=\"5149\" data-end=\"5440\" data-is-last-node=\"\" data-is-only-node=\"\">Todo esto ocurre bajo la administraci\u00f3n del Sedif encabezado de manera honor\u00edfica por Mariana Espinosa de los Monteros, hija de la gobernadora, quien tampoco ha emitido posicionamientos p\u00fablicos sobre la situaci\u00f3n de los albergues. La crisis, sin embargo, ya no puede seguir ocult\u00e1ndose.<\/p>\n<p data-start=\"5149\" data-end=\"5440\" data-is-last-node=\"\" data-is-only-node=\"\"><img loading=\"lazy\" decoding=\"async\" class=\"alignnone size-full wp-image-46663\" src=\"https:\/\/labestiapolitica.com.mx\/wp-content\/uploads\/2025\/08\/logoDIF.png\" alt=\"\" width=\"3300\" height=\"2550\" srcset=\"https:\/\/labestiapolitica.com.mx\/wp-content\/uploads\/2025\/08\/logoDIF.png 3300w, https:\/\/labestiapolitica.com.mx\/wp-content\/uploads\/2025\/08\/logoDIF-300x232.png 300w, https:\/\/labestiapolitica.com.mx\/wp-content\/uploads\/2025\/08\/logoDIF-1024x791.png 1024w, https:\/\/labestiapolitica.com.mx\/wp-content\/uploads\/2025\/08\/logoDIF-768x593.png 768w, https:\/\/labestiapolitica.com.mx\/wp-content\/uploads\/2025\/08\/logoDIF-1536x1187.png 1536w, https:\/\/labestiapolitica.com.mx\/wp-content\/uploads\/2025\/08\/logoDIF-2048x1583.png 2048w\" sizes=\"auto, (max-width: 3300px) 100vw, 3300px\" \/><\/p>\n<p data-start=\"5149\" data-end=\"5440\" data-is-last-node=\"\" data-is-only-node=\"\"><img loading=\"lazy\" decoding=\"async\" class=\"alignnone size-full wp-image-45376\" src=\"https:\/\/labestiapolitica.com.mx\/wp-content\/uploads\/2025\/07\/518019574_1267381155399267_6610914214355962584_n-1.jpg\" alt=\"\" width=\"940\" height=\"788\" srcset=\"https:\/\/labestiapolitica.com.mx\/wp-content\/uploads\/2025\/07\/518019574_1267381155399267_6610914214355962584_n-1.jpg 940w, https:\/\/labestiapolitica.com.mx\/wp-content\/uploads\/2025\/07\/518019574_1267381155399267_6610914214355962584_n-1-300x251.jpg 300w, https:\/\/labestiapolitica.com.mx\/wp-content\/uploads\/2025\/07\/518019574_1267381155399267_6610914214355962584_n-1-768x644.jpg 768w\" sizes=\"auto, (max-width: 940px) 100vw, 940px\" \/><\/p>\n","protected":false},"excerpt":{"rendered":"<p>El intento de suicidio de una menor de edad en un Centro de Asistencia Social (CAS) del DIF estatal ha vuelto a colocar bajo los reflectores la cr\u00edtica situaci\u00f3n que viven los albergues a cargo del gobierno de Tlaxcala. Lejos de tratarse de un hecho aislado, este caso se suma a una larga lista de [&hellip;]<\/p>\n","protected":false},"author":3,"featured_media":46662,"comment_status":"open","ping_status":"open","sticky":false,"template":"","format":"standard","meta":{"footnotes":""},"categories":[232,214],"tags":[],"class_list":["post-46661","post","type-post","status-publish","format-standard","has-post-thumbnail","hentry","category-derechos-humanos-tlaxcala","category-tlaxcala-capital"],"amp_enabled":true,"_links":{"self":[{"href":"https:\/\/labestiapolitica.com.mx\/index.php?rest_route=\/wp\/v2\/posts\/46661","targetHints":{"allow":["GET"]}}],"collection":[{"href":"https:\/\/labestiapolitica.com.mx\/index.php?rest_route=\/wp\/v2\/posts"}],"about":[{"href":"https:\/\/labestiapolitica.com.mx\/index.php?rest_route=\/wp\/v2\/types\/post"}],"author":[{"embeddable":true,"href":"https:\/\/labestiapolitica.com.mx\/index.php?rest_route=\/wp\/v2\/users\/3"}],"replies":[{"embeddable":true,"href":"https:\/\/labestiapolitica.com.mx\/index.php?rest_route=%2Fwp%2Fv2%2Fcomments&post=46661"}],"version-history":[{"count":1,"href":"https:\/\/labestiapolitica.com.mx\/index.php?rest_route=\/wp\/v2\/posts\/46661\/revisions"}],"predecessor-version":[{"id":46664,"href":"https:\/\/labestiapolitica.com.mx\/index.php?rest_route=\/wp\/v2\/posts\/46661\/revisions\/46664"}],"wp:featuredmedia":[{"embeddable":true,"href":"https:\/\/labestiapolitica.com.mx\/index.php?rest_route=\/wp\/v2\/media\/46662"}],"wp:attachment":[{"href":"https:\/\/labestiapolitica.com.mx\/index.php?rest_route=%2Fwp%2Fv2%2Fmedia&parent=46661"}],"wp:term":[{"taxonomy":"category","embeddable":true,"href":"https:\/\/labestiapolitica.com.mx\/index.php?rest_route=%2Fwp%2Fv2%2Fcategories&post=46661"},{"taxonomy":"post_tag","embeddable":true,"href":"https:\/\/labestiapolitica.com.mx\/index.php?rest_route=%2Fwp%2Fv2%2Ftags&post=46661"}],"curies":[{"name":"wp","href":"https:\/\/api.w.org\/{rel}","templated":true}]}}