{"id":46737,"date":"2025-08-07T13:06:31","date_gmt":"2025-08-07T19:06:31","guid":{"rendered":"https:\/\/labestiapolitica.com.mx\/?p=46737"},"modified":"2025-08-07T13:07:02","modified_gmt":"2025-08-07T19:07:02","slug":"inaugura-miriam-martinez-primer-lactario-ciudadano-en-el-pan-tlaxcala%f0%9f%8d%bc","status":"publish","type":"post","link":"https:\/\/labestiapolitica.com.mx\/?p=46737","title":{"rendered":"Inaugura Miriam Mart\u00ednez primer lactario ciudadano en el PAN Tlaxcala\ud83c\udf7c"},"content":{"rendered":"<p style=\"text-align: justify;\">Diputada demand\u00f3 aprobar derecho constitucional a lactar en el estado.<\/p>\n<p style=\"text-align: justify;\">En el marco de la Semana Mundial de la Lactancia, el Partido Acci\u00f3n Nacional de Tlaxcala dio un paso firme hacia el reconocimiento de los derechos de las madres y la primera infancia, al inaugurar a propuesta de la diputada local Miriam Mart\u00ednez S\u00e1nchez, el primer lactario ciudadano al interior de un instituto pol\u00edtico en el estado.<\/p>\n<p style=\"text-align: justify;\">Mart\u00ednez S\u00e1nchez, acompa\u00f1ada por el dirigente estatal del PAN, \u00c1ngelo Guti\u00e9rrez Hern\u00e1ndez, y la Secretaria Nacional de Capacitaci\u00f3n del CEN, Margarita Mart\u00ednez Fisher, encabezaron este acto trascendental y urgente: habilitar un espacio digno para la lactancia dentro del propio partido.<\/p>\n<p style=\"text-align: justify;\">\u201cEl ejemplo lo pusimos en nuestra casa, el partido. Pero lo urgente sigue pendiente: el reconocimiento constitucional del derecho a lactar, que sigue en comisiones\u201d, sentenci\u00f3 la legisladora local.<\/p>\n<p style=\"text-align: justify;\">Miriam Mart\u00ednez se ha consolidado como la principal promotora del derecho a lactar en Tlaxcala, y ya logr\u00f3 que el Congreso del Estado habilitara un lactario en sus instalaciones. Ahora, con el respaldo ciudadano, insiste en que el siguiente paso debe ser constitucional, y no s\u00f3lo simb\u00f3lico.\u00a0 \u201cReconocer constitucionalmente este derecho es reconocer que las mujeres no deben elegir entre ser madres y ser ciudadanas plenas. Es un acto de justicia social y de igualdad.\u201d<\/p>\n<p style=\"text-align: justify;\">\u201cLa lactancia no es un privilegio ni un gesto voluntarista. Es un derecho humano, protegido por tratados internacionales que M\u00e9xico ha firmado y que Tlaxcala debe cumplir.\u201d, detall\u00f3.<\/p>\n<p style=\"text-align: justify;\">Durante su intervenci\u00f3n, Margarita Mart\u00ednez Fisher reconoci\u00f3 el liderazgo de la diputada Miriam Mart\u00ednez y el compromiso del PAN Tlaxcala como instituci\u00f3n pionera en la defensa de los derechos de las mujeres y de la ni\u00f1ez.<\/p>\n<p style=\"text-align: justify;\">\u201cHoy damos una muestra de congruencia. Este lactario no es s\u00f3lo una instalaci\u00f3n f\u00edsica, sino un mensaje claro: en Acci\u00f3n Nacional creemos en pol\u00edticas con rostro humano y en legislar con perspectiva de cuidado. Mi reconocimiento total a Miriam Mart\u00ednez y al Comit\u00e9 Estatal por ser vanguardia en un tema tan fundamental como la lactancia. Es tiempo de dar el paso que sea constitucional en Tlaxcala\u201d, destac\u00f3.<\/p>\n<p style=\"text-align: justify;\">Durante el evento estuvieron presentes organizaciones y colectivos ciudadanos como Lacta Tlx, Tribu Conciencia Materna, Alianza Prolactancia Tlaxcala, y Mujeres en Consenso, quienes respaldaron el llamado a convertir la lactancia en un derecho garantizado. \u201cLa lactancia salva vidas, mejora el desarrollo cognitivo y emocional, previene enfermedades. Negarla es negarle a la ni\u00f1ez tlaxcalteca un comienzo justo en la vida\u201d, Coincidieron.<\/p>\n<p><img loading=\"lazy\" decoding=\"async\" class=\"alignnone size-full wp-image-46739\" src=\"https:\/\/labestiapolitica.com.mx\/wp-content\/uploads\/2025\/08\/\ud83e\uddf9-Servicios-Publicos-dignifica-espacios-en-preescolar-de-Zaragoza-3-2.jpg\" alt=\"\" width=\"1000\" height=\"600\" srcset=\"https:\/\/labestiapolitica.com.mx\/wp-content\/uploads\/2025\/08\/\ud83e\uddf9-Servicios-Publicos-dignifica-espacios-en-preescolar-de-Zaragoza-3-2.jpg 1000w, https:\/\/labestiapolitica.com.mx\/wp-content\/uploads\/2025\/08\/\ud83e\uddf9-Servicios-Publicos-dignifica-espacios-en-preescolar-de-Zaragoza-3-2-300x180.jpg 300w, https:\/\/labestiapolitica.com.mx\/wp-content\/uploads\/2025\/08\/\ud83e\uddf9-Servicios-Publicos-dignifica-espacios-en-preescolar-de-Zaragoza-3-2-768x461.jpg 768w\" sizes=\"auto, (max-width: 1000px) 100vw, 1000px\" \/> <img loading=\"lazy\" decoding=\"async\" class=\"alignnone size-full wp-image-46740\" src=\"https:\/\/labestiapolitica.com.mx\/wp-content\/uploads\/2025\/08\/\ud83e\uddf9-Servicios-Publicos-dignifica-espacios-en-preescolar-de-Zaragoza-4-2.jpg\" alt=\"\" width=\"1000\" height=\"600\" srcset=\"https:\/\/labestiapolitica.com.mx\/wp-content\/uploads\/2025\/08\/\ud83e\uddf9-Servicios-Publicos-dignifica-espacios-en-preescolar-de-Zaragoza-4-2.jpg 1000w, https:\/\/labestiapolitica.com.mx\/wp-content\/uploads\/2025\/08\/\ud83e\uddf9-Servicios-Publicos-dignifica-espacios-en-preescolar-de-Zaragoza-4-2-300x180.jpg 300w, https:\/\/labestiapolitica.com.mx\/wp-content\/uploads\/2025\/08\/\ud83e\uddf9-Servicios-Publicos-dignifica-espacios-en-preescolar-de-Zaragoza-4-2-768x461.jpg 768w\" sizes=\"auto, (max-width: 1000px) 100vw, 1000px\" \/><\/p>\n<p><img loading=\"lazy\" decoding=\"async\" class=\"alignnone size-full wp-image-46741\" src=\"https:\/\/labestiapolitica.com.mx\/wp-content\/uploads\/2025\/08\/publicidad-4.jpg\" alt=\"\" width=\"940\" height=\"788\" srcset=\"https:\/\/labestiapolitica.com.mx\/wp-content\/uploads\/2025\/08\/publicidad-4.jpg 940w, https:\/\/labestiapolitica.com.mx\/wp-content\/uploads\/2025\/08\/publicidad-4-300x251.jpg 300w, https:\/\/labestiapolitica.com.mx\/wp-content\/uploads\/2025\/08\/publicidad-4-768x644.jpg 768w\" sizes=\"auto, (max-width: 940px) 100vw, 940px\" \/><img loading=\"lazy\" decoding=\"async\" class=\"alignnone size-full wp-image-45374\" src=\"https:\/\/labestiapolitica.com.mx\/wp-content\/uploads\/2025\/07\/518019574_1267381155399267_6610914214355962584_n.jpg\" alt=\"\" width=\"940\" height=\"788\" srcset=\"https:\/\/labestiapolitica.com.mx\/wp-content\/uploads\/2025\/07\/518019574_1267381155399267_6610914214355962584_n.jpg 940w, https:\/\/labestiapolitica.com.mx\/wp-content\/uploads\/2025\/07\/518019574_1267381155399267_6610914214355962584_n-300x251.jpg 300w, https:\/\/labestiapolitica.com.mx\/wp-content\/uploads\/2025\/07\/518019574_1267381155399267_6610914214355962584_n-768x644.jpg 768w\" sizes=\"auto, (max-width: 940px) 100vw, 940px\" \/><\/p>\n","protected":false},"excerpt":{"rendered":"<p>Diputada demand\u00f3 aprobar derecho constitucional a lactar en el estado. En el marco de la Semana Mundial de la Lactancia, el Partido Acci\u00f3n Nacional de Tlaxcala dio un paso firme hacia el reconocimiento de los derechos de las madres y la primera infancia, al inaugurar a propuesta de la diputada local Miriam Mart\u00ednez S\u00e1nchez, el [&hellip;]<\/p>\n","protected":false},"author":3,"featured_media":46738,"comment_status":"open","ping_status":"open","sticky":false,"template":"","format":"standard","meta":{"footnotes":""},"categories":[232,214],"tags":[],"class_list":["post-46737","post","type-post","status-publish","format-standard","has-post-thumbnail","hentry","category-derechos-humanos-tlaxcala","category-tlaxcala-capital"],"amp_enabled":true,"_links":{"self":[{"href":"https:\/\/labestiapolitica.com.mx\/index.php?rest_route=\/wp\/v2\/posts\/46737","targetHints":{"allow":["GET"]}}],"collection":[{"href":"https:\/\/labestiapolitica.com.mx\/index.php?rest_route=\/wp\/v2\/posts"}],"about":[{"href":"https:\/\/labestiapolitica.com.mx\/index.php?rest_route=\/wp\/v2\/types\/post"}],"author":[{"embeddable":true,"href":"https:\/\/labestiapolitica.com.mx\/index.php?rest_route=\/wp\/v2\/users\/3"}],"replies":[{"embeddable":true,"href":"https:\/\/labestiapolitica.com.mx\/index.php?rest_route=%2Fwp%2Fv2%2Fcomments&post=46737"}],"version-history":[{"count":1,"href":"https:\/\/labestiapolitica.com.mx\/index.php?rest_route=\/wp\/v2\/posts\/46737\/revisions"}],"predecessor-version":[{"id":46743,"href":"https:\/\/labestiapolitica.com.mx\/index.php?rest_route=\/wp\/v2\/posts\/46737\/revisions\/46743"}],"wp:featuredmedia":[{"embeddable":true,"href":"https:\/\/labestiapolitica.com.mx\/index.php?rest_route=\/wp\/v2\/media\/46738"}],"wp:attachment":[{"href":"https:\/\/labestiapolitica.com.mx\/index.php?rest_route=%2Fwp%2Fv2%2Fmedia&parent=46737"}],"wp:term":[{"taxonomy":"category","embeddable":true,"href":"https:\/\/labestiapolitica.com.mx\/index.php?rest_route=%2Fwp%2Fv2%2Fcategories&post=46737"},{"taxonomy":"post_tag","embeddable":true,"href":"https:\/\/labestiapolitica.com.mx\/index.php?rest_route=%2Fwp%2Fv2%2Ftags&post=46737"}],"curies":[{"name":"wp","href":"https:\/\/api.w.org\/{rel}","templated":true}]}}