{"id":46777,"date":"2025-08-07T18:23:46","date_gmt":"2025-08-08T00:23:46","guid":{"rendered":"https:\/\/labestiapolitica.com.mx\/?p=46777"},"modified":"2025-08-07T18:23:46","modified_gmt":"2025-08-08T00:23:46","slug":"con-la-conferencia-sobre-programa-de-bienestar-docente-avanza-la-jornada-de-formacion-y-profesionalizacion-de-la-uatx","status":"publish","type":"post","link":"https:\/\/labestiapolitica.com.mx\/?p=46777","title":{"rendered":"Con la conferencia sobre \u201cPrograma de Bienestar Docente\u201d, avanza la Jornada de Formaci\u00f3n y Profesionalizaci\u00f3n de la UATx."},"content":{"rendered":"<ul>\n<li style=\"font-weight: 400; text-align: justify;\">Catedr\u00e1ticos de la Universidad Cat\u00f3lica de Temuco, Chile, abordaron los desaf\u00edos que implica en la experiencia de aprendizaje de estudiante<\/li>\n<\/ul>\n<p style=\"font-weight: 400; text-align: justify;\">Dando continuidad a las actividades de la Jornada de Formaci\u00f3n y Profesionalizaci\u00f3n Docente Oto\u00f1o 2025, que lleva a cabo la Unidad Institucional de Profesionalizaci\u00f3n Docente de la Universidad Aut\u00f3noma de Tlaxcala (UATx), se imparti\u00f3 la conferencia virtual \u201cPrograma de Bienestar Docente\u201d, a cargo de la Doctora Jessica Lorena Navarro Navarrete y del Doctor Sergio Rodrigo Sanhueza Jara, ambos catedr\u00e1ticos de la Universidad Cat\u00f3lica de Temuco, Chile (UCT).<\/p>\n<p style=\"font-weight: 400; text-align: justify;\">Ante docentes de los 46 programas acad\u00e9micos que imparte la m\u00e1xima Casa de Estudios, el Maestro Alejando Palma Su\u00e1rez, Secretario Acad\u00e9mico, destac\u00f3 la importancia de estrechar v\u00ednculos con otras instituciones\u00a0 de educaci\u00f3n superior nacionales e internacionales y, de manera particular, con la \u00a0Universidad Cat\u00f3lica de Temuco, Chile, para trabajar\u00a0 sobre la tem\u00e1tica del bienestar docente e intercambiar experiencias, por lo que se buscar\u00e1 concretar este trabajo mediante la firma de un convenio de colaboraci\u00f3n conjunta.<\/p>\n<p style=\"font-weight: 400; text-align: justify;\">Recalc\u00f3 que dentro del Sistema Institucional de Gesti\u00f3n de Calidad (SIGC) se contempla la posibilidad de construir ambientes confortables y para ello, en la UATx se iniciaron actividades enfocadas al programa de salud mental universitaria, que involucrar\u00e1 a la comunidad estudiantil, directivos, personal docente y de servicios educativos, con el fin de lograr resultados positivos en la formaci\u00f3n y preparaci\u00f3n de los futuros profesionistas.<\/p>\n<p style=\"font-weight: 400; text-align: justify;\">\u00a0En su disertaci\u00f3n, la Doctora Jessica Lorena Navarro y el Doctor Sergio Rodrigo Sanhueza presentaron pormenores \u00a0del \u201cPrograma de Bienestar Docente\u201d que implementaron en su Instituci\u00f3n el a\u00f1o pasado, el cual considera lineamientos de la Organizaci\u00f3n para la Cooperaci\u00f3n y el Desarrollo Econ\u00f3mico, la Organizaci\u00f3n de la Naciones Unidas y la Organizaci\u00f3n de las Naciones Unidas para la Educaci\u00f3n, Ciencia y Cultura que pugnan por la educaci\u00f3n integral e involucran temas relacionados con lo emocional, cognitivo y social de los seres humanos, adem\u00e1s, plantea cuatro constructos: Pol\u00edtica de bienestar para los funcionarios, Sello humanista cristiano, Modelo educativo y Perfil docente de la Instituci\u00f3n.<\/p>\n<p style=\"font-weight: 400; text-align: justify;\">Este constructo tiene por objetivo promover el bienestar docente para fortalecer sus propias competencias socioemocionales, autoeficacia y satisfacci\u00f3n del profesorado en el contexto del quehacer pedag\u00f3gico, como una estrategia de mejora en la experiencia de aprendizaje del estudiantado. En cuanto a los desaf\u00edos que enfrentan, se ubican aspectos como la valoraci\u00f3n del tema a nivel interno y externo, la ampliaci\u00f3n de redes de colaboraci\u00f3n, publicaciones de experiencia docente sobre el bienestar, adjudicaci\u00f3n de proyectos docentes en el tema y la participaci\u00f3n en congresos, seminarios o mesas nacionales internacionales sobre este t\u00f3pico.<\/p>\n<p>&nbsp;<\/p>\n<p><img loading=\"lazy\" decoding=\"async\" class=\"alignnone size-full wp-image-28405\" src=\"https:\/\/labestiapolitica.com.mx\/wp-content\/uploads\/2024\/06\/U-NOVA-y-se-diferente.png\" alt=\"\" width=\"1000\" height=\"600\" srcset=\"https:\/\/labestiapolitica.com.mx\/wp-content\/uploads\/2024\/06\/U-NOVA-y-se-diferente.png 1000w, https:\/\/labestiapolitica.com.mx\/wp-content\/uploads\/2024\/06\/U-NOVA-y-se-diferente-300x180.png 300w, https:\/\/labestiapolitica.com.mx\/wp-content\/uploads\/2024\/06\/U-NOVA-y-se-diferente-768x461.png 768w\" sizes=\"auto, (max-width: 1000px) 100vw, 1000px\" \/><\/p>\n","protected":false},"excerpt":{"rendered":"<p>Catedr\u00e1ticos de la Universidad Cat\u00f3lica de Temuco, Chile, abordaron los desaf\u00edos que implica en la experiencia de aprendizaje de estudiante Dando continuidad a las actividades de la Jornada de Formaci\u00f3n y Profesionalizaci\u00f3n Docente Oto\u00f1o 2025, que lleva a cabo la Unidad Institucional de Profesionalizaci\u00f3n Docente de la Universidad Aut\u00f3noma de Tlaxcala (UATx), se imparti\u00f3 la [&hellip;]<\/p>\n","protected":false},"author":3,"featured_media":46778,"comment_status":"open","ping_status":"open","sticky":false,"template":"","format":"standard","meta":{"footnotes":""},"categories":[7,213,241],"tags":[],"class_list":["post-46777","post","type-post","status-publish","format-standard","has-post-thumbnail","hentry","category-ciudadanos","category-educacion","category-uatx"],"amp_enabled":true,"_links":{"self":[{"href":"https:\/\/labestiapolitica.com.mx\/index.php?rest_route=\/wp\/v2\/posts\/46777","targetHints":{"allow":["GET"]}}],"collection":[{"href":"https:\/\/labestiapolitica.com.mx\/index.php?rest_route=\/wp\/v2\/posts"}],"about":[{"href":"https:\/\/labestiapolitica.com.mx\/index.php?rest_route=\/wp\/v2\/types\/post"}],"author":[{"embeddable":true,"href":"https:\/\/labestiapolitica.com.mx\/index.php?rest_route=\/wp\/v2\/users\/3"}],"replies":[{"embeddable":true,"href":"https:\/\/labestiapolitica.com.mx\/index.php?rest_route=%2Fwp%2Fv2%2Fcomments&post=46777"}],"version-history":[{"count":1,"href":"https:\/\/labestiapolitica.com.mx\/index.php?rest_route=\/wp\/v2\/posts\/46777\/revisions"}],"predecessor-version":[{"id":46779,"href":"https:\/\/labestiapolitica.com.mx\/index.php?rest_route=\/wp\/v2\/posts\/46777\/revisions\/46779"}],"wp:featuredmedia":[{"embeddable":true,"href":"https:\/\/labestiapolitica.com.mx\/index.php?rest_route=\/wp\/v2\/media\/46778"}],"wp:attachment":[{"href":"https:\/\/labestiapolitica.com.mx\/index.php?rest_route=%2Fwp%2Fv2%2Fmedia&parent=46777"}],"wp:term":[{"taxonomy":"category","embeddable":true,"href":"https:\/\/labestiapolitica.com.mx\/index.php?rest_route=%2Fwp%2Fv2%2Fcategories&post=46777"},{"taxonomy":"post_tag","embeddable":true,"href":"https:\/\/labestiapolitica.com.mx\/index.php?rest_route=%2Fwp%2Fv2%2Ftags&post=46777"}],"curies":[{"name":"wp","href":"https:\/\/api.w.org\/{rel}","templated":true}]}}