{"id":46873,"date":"2025-08-08T12:53:11","date_gmt":"2025-08-08T18:53:11","guid":{"rendered":"https:\/\/labestiapolitica.com.mx\/?p=46873"},"modified":"2025-08-08T12:53:14","modified_gmt":"2025-08-08T18:53:14","slug":"facultad-de-odontologia-de-la-uat-celebra-50-anos-formando-lideres-emprendedores-y-profesionales-con-etica%f0%9f%a6%b7%f0%9f%aa%84","status":"publish","type":"post","link":"https:\/\/labestiapolitica.com.mx\/?p=46873","title":{"rendered":"Facultad de Odontolog\u00eda de la UAT celebra 50 a\u00f1os formando l\u00edderes, emprendedores y profesionales con \u00e9tica\ud83e\uddb7\ud83e\ude84"},"content":{"rendered":"<p style=\"text-align: justify;\" data-start=\"109\" data-end=\"441\">La Facultad de Odontolog\u00eda de la Universidad Aut\u00f3noma de Tlaxcala (UATx) celebr\u00f3 con orgullo su 50 aniversario de fundaci\u00f3n, destacando medio siglo de compromiso con la excelencia acad\u00e9mica, la formaci\u00f3n \u00e9tica y la preparaci\u00f3n de profesionistas capaces de transformar su entorno.<\/p>\n<p style=\"text-align: justify;\" data-start=\"443\" data-end=\"785\">Como parte de las actividades conmemorativas, se llev\u00f3 a cabo una conferencia especial sobre el Congreso Internacional de Especialidades Odontol\u00f3gicas, en la que se abordaron temas fundamentales como la importancia de los principios \u00e9ticos, la atenci\u00f3n de calidad al paciente y los retos de la pr\u00e1ctica odontol\u00f3gica contempor\u00e1nea.<\/p>\n<p style=\"text-align: justify;\" data-start=\"787\" data-end=\"1060\">Durante el evento, autoridades universitarias y docentes coincidieron en que la facultad no solo ha sido semillero de talento cl\u00ednico, sino tambi\u00e9n un espacio que fomenta el liderazgo, la responsabilidad social y la innovaci\u00f3n en el \u00e1rea de la salud bucal.<\/p>\n<p style=\"text-align: justify;\" data-start=\"1062\" data-end=\"1286\">Se hizo un reconocimiento p\u00fablico al papel clave que han jugado los docentes en la formaci\u00f3n integral de generaciones de odont\u00f3logos, as\u00ed como al esfuerzo de los estudiantes por asumir con seriedad y pasi\u00f3n la profesi\u00f3n.<\/p>\n<p style=\"text-align: justify;\" data-start=\"1288\" data-end=\"1544\">Un dato que marc\u00f3 el orgullo de esta celebraci\u00f3n fue que la mayor\u00eda de los egresados de la Facultad se han convertido en empresarios exitosos, consolidando consultorios y cl\u00ednicas que hoy son referentes de atenci\u00f3n profesional en el estado y la regi\u00f3n.<\/p>\n<p style=\"text-align: justify;\" data-start=\"1546\" data-end=\"1751\" data-is-last-node=\"\" data-is-only-node=\"\">Este 50 aniversario no solo conmemora la historia de la Facultad de Odontolog\u00eda, sino tambi\u00e9n su legado acad\u00e9mico, su vocaci\u00f3n humanista y su compromiso constante con el futuro de la salud en Tlaxcala.<\/p>\n<p style=\"text-align: justify;\" data-start=\"1546\" data-end=\"1751\" data-is-last-node=\"\" data-is-only-node=\"\"><img loading=\"lazy\" decoding=\"async\" class=\"alignnone size-full wp-image-46875\" src=\"https:\/\/labestiapolitica.com.mx\/wp-content\/uploads\/2025\/08\/FotoNota-portal-6.jpg\" alt=\"\" width=\"1000\" height=\"600\" srcset=\"https:\/\/labestiapolitica.com.mx\/wp-content\/uploads\/2025\/08\/FotoNota-portal-6.jpg 1000w, https:\/\/labestiapolitica.com.mx\/wp-content\/uploads\/2025\/08\/FotoNota-portal-6-300x180.jpg 300w, https:\/\/labestiapolitica.com.mx\/wp-content\/uploads\/2025\/08\/FotoNota-portal-6-768x461.jpg 768w\" sizes=\"auto, (max-width: 1000px) 100vw, 1000px\" \/> <img loading=\"lazy\" decoding=\"async\" class=\"alignnone size-full wp-image-46876\" src=\"https:\/\/labestiapolitica.com.mx\/wp-content\/uploads\/2025\/08\/FotoNota-portal-8.jpg\" alt=\"\" width=\"1000\" height=\"600\" srcset=\"https:\/\/labestiapolitica.com.mx\/wp-content\/uploads\/2025\/08\/FotoNota-portal-8.jpg 1000w, https:\/\/labestiapolitica.com.mx\/wp-content\/uploads\/2025\/08\/FotoNota-portal-8-300x180.jpg 300w, https:\/\/labestiapolitica.com.mx\/wp-content\/uploads\/2025\/08\/FotoNota-portal-8-768x461.jpg 768w\" sizes=\"auto, (max-width: 1000px) 100vw, 1000px\" \/> <img loading=\"lazy\" decoding=\"async\" class=\"alignnone size-full wp-image-46877\" src=\"https:\/\/labestiapolitica.com.mx\/wp-content\/uploads\/2025\/08\/FotoNota-portal-7.jpg\" alt=\"\" width=\"1000\" height=\"600\" srcset=\"https:\/\/labestiapolitica.com.mx\/wp-content\/uploads\/2025\/08\/FotoNota-portal-7.jpg 1000w, https:\/\/labestiapolitica.com.mx\/wp-content\/uploads\/2025\/08\/FotoNota-portal-7-300x180.jpg 300w, https:\/\/labestiapolitica.com.mx\/wp-content\/uploads\/2025\/08\/FotoNota-portal-7-768x461.jpg 768w\" sizes=\"auto, (max-width: 1000px) 100vw, 1000px\" \/><img loading=\"lazy\" decoding=\"async\" class=\"alignnone size-full wp-image-45376\" src=\"https:\/\/labestiapolitica.com.mx\/wp-content\/uploads\/2025\/07\/518019574_1267381155399267_6610914214355962584_n-1.jpg\" alt=\"\" width=\"940\" height=\"788\" srcset=\"https:\/\/labestiapolitica.com.mx\/wp-content\/uploads\/2025\/07\/518019574_1267381155399267_6610914214355962584_n-1.jpg 940w, https:\/\/labestiapolitica.com.mx\/wp-content\/uploads\/2025\/07\/518019574_1267381155399267_6610914214355962584_n-1-300x251.jpg 300w, https:\/\/labestiapolitica.com.mx\/wp-content\/uploads\/2025\/07\/518019574_1267381155399267_6610914214355962584_n-1-768x644.jpg 768w\" sizes=\"auto, (max-width: 940px) 100vw, 940px\" \/><\/p>\n<p data-start=\"1546\" data-end=\"1751\" data-is-last-node=\"\" data-is-only-node=\"\">\n","protected":false},"excerpt":{"rendered":"<p>La Facultad de Odontolog\u00eda de la Universidad Aut\u00f3noma de Tlaxcala (UATx) celebr\u00f3 con orgullo su 50 aniversario de fundaci\u00f3n, destacando medio siglo de compromiso con la excelencia acad\u00e9mica, la formaci\u00f3n \u00e9tica y la preparaci\u00f3n de profesionistas capaces de transformar su entorno. Como parte de las actividades conmemorativas, se llev\u00f3 a cabo una conferencia especial sobre [&hellip;]<\/p>\n","protected":false},"author":3,"featured_media":46874,"comment_status":"open","ping_status":"open","sticky":false,"template":"","format":"standard","meta":{"footnotes":""},"categories":[241],"tags":[],"class_list":["post-46873","post","type-post","status-publish","format-standard","has-post-thumbnail","hentry","category-uatx"],"amp_enabled":true,"_links":{"self":[{"href":"https:\/\/labestiapolitica.com.mx\/index.php?rest_route=\/wp\/v2\/posts\/46873","targetHints":{"allow":["GET"]}}],"collection":[{"href":"https:\/\/labestiapolitica.com.mx\/index.php?rest_route=\/wp\/v2\/posts"}],"about":[{"href":"https:\/\/labestiapolitica.com.mx\/index.php?rest_route=\/wp\/v2\/types\/post"}],"author":[{"embeddable":true,"href":"https:\/\/labestiapolitica.com.mx\/index.php?rest_route=\/wp\/v2\/users\/3"}],"replies":[{"embeddable":true,"href":"https:\/\/labestiapolitica.com.mx\/index.php?rest_route=%2Fwp%2Fv2%2Fcomments&post=46873"}],"version-history":[{"count":1,"href":"https:\/\/labestiapolitica.com.mx\/index.php?rest_route=\/wp\/v2\/posts\/46873\/revisions"}],"predecessor-version":[{"id":46881,"href":"https:\/\/labestiapolitica.com.mx\/index.php?rest_route=\/wp\/v2\/posts\/46873\/revisions\/46881"}],"wp:featuredmedia":[{"embeddable":true,"href":"https:\/\/labestiapolitica.com.mx\/index.php?rest_route=\/wp\/v2\/media\/46874"}],"wp:attachment":[{"href":"https:\/\/labestiapolitica.com.mx\/index.php?rest_route=%2Fwp%2Fv2%2Fmedia&parent=46873"}],"wp:term":[{"taxonomy":"category","embeddable":true,"href":"https:\/\/labestiapolitica.com.mx\/index.php?rest_route=%2Fwp%2Fv2%2Fcategories&post=46873"},{"taxonomy":"post_tag","embeddable":true,"href":"https:\/\/labestiapolitica.com.mx\/index.php?rest_route=%2Fwp%2Fv2%2Ftags&post=46873"}],"curies":[{"name":"wp","href":"https:\/\/api.w.org\/{rel}","templated":true}]}}