{"id":47015,"date":"2025-08-11T20:17:11","date_gmt":"2025-08-12T02:17:11","guid":{"rendered":"https:\/\/labestiapolitica.com.mx\/?p=47015"},"modified":"2025-08-11T20:17:11","modified_gmt":"2025-08-12T02:17:11","slug":"rehabilitan-cancha-de-futbol-cualtikate-en-apizaquito","status":"publish","type":"post","link":"https:\/\/labestiapolitica.com.mx\/?p=47015","title":{"rendered":"Rehabilitan cancha de f\u00fatbol Cualtikate en Apizaquito."},"content":{"rendered":"<p style=\"text-align: justify;\">En un ambiente de entusiasmo y unidad comunitaria, el presidente municipal de Apizaco, <strong>Javier Rivera Bonilla<\/strong>, acompa\u00f1ado del presidente de comunidad de Apizaquito Jos\u00e9 Daniel Hern\u00e1ndez L\u00f3pez, inaugur\u00f3 la rehabilitada cancha de f\u00fatbol Cualtikate, que beneficiar\u00e1 a decenas de equipos locales y a cientos de familias de la regi\u00f3n.<\/p>\n<p style=\"text-align: justify;\">El nuevo espacio deportivo fue entregado como parte del compromiso de esta administraci\u00f3n municipal, que incluyen gestiones y aportaciones, con la finalidad de garantizar el acceso a infraestructura digna que promueva la sana convivencia, el fortalecimiento del tejido social y el bienestar de la poblaci\u00f3n.<\/p>\n<p style=\"text-align: justify;\">\u201cEsta cancha no solo es un espacio para jugar; es un lugar donde se forjar\u00e1n valores, disciplina, trabajo en equipo y sue\u00f1os para nuestras ni\u00f1as, ni\u00f1os y j\u00f3venes. Invertir en deporte es invertir en la paz y en el futuro de nuestra comunidad\u201d, destac\u00f3 el presidente municipal Javier Rivera Bonilla durante su mensaje.<\/p>\n<p style=\"text-align: justify;\">La obra, realizada, responde a la demanda ciudadana de contar con instalaciones deportivas seguras y de calidad. Se invita a la comunidad a cuidar y aprovechar este nuevo espacio como patrimonio colectivo.<\/p>\n<p style=\"text-align: justify;\">Con estas acciones, el Gobierno Municipal de Apizaco reafirma su compromiso de seguir impulsando proyectos que promuevan el bienestar integral y el desarrollo social, llevando la transformaci\u00f3n a cada comunidad.<\/p>\n<p>&nbsp;<\/p>\n<p><img loading=\"lazy\" decoding=\"async\" class=\"alignnone size-full wp-image-28405\" src=\"https:\/\/labestiapolitica.com.mx\/wp-content\/uploads\/2024\/06\/U-NOVA-y-se-diferente.png\" alt=\"\" width=\"1000\" height=\"600\" srcset=\"https:\/\/labestiapolitica.com.mx\/wp-content\/uploads\/2024\/06\/U-NOVA-y-se-diferente.png 1000w, https:\/\/labestiapolitica.com.mx\/wp-content\/uploads\/2024\/06\/U-NOVA-y-se-diferente-300x180.png 300w, https:\/\/labestiapolitica.com.mx\/wp-content\/uploads\/2024\/06\/U-NOVA-y-se-diferente-768x461.png 768w\" sizes=\"auto, (max-width: 1000px) 100vw, 1000px\" \/><\/p>\n","protected":false},"excerpt":{"rendered":"<p>En un ambiente de entusiasmo y unidad comunitaria, el presidente municipal de Apizaco, Javier Rivera Bonilla, acompa\u00f1ado del presidente de comunidad de Apizaquito Jos\u00e9 Daniel Hern\u00e1ndez L\u00f3pez, inaugur\u00f3 la rehabilitada cancha de f\u00fatbol Cualtikate, que beneficiar\u00e1 a decenas de equipos locales y a cientos de familias de la regi\u00f3n. El nuevo espacio deportivo fue entregado [&hellip;]<\/p>\n","protected":false},"author":3,"featured_media":47016,"comment_status":"open","ping_status":"open","sticky":false,"template":"","format":"standard","meta":{"footnotes":""},"categories":[226,7,216],"tags":[],"class_list":["post-47015","post","type-post","status-publish","format-standard","has-post-thumbnail","hentry","category-apizaco","category-ciudadanos","category-municipios"],"amp_enabled":true,"_links":{"self":[{"href":"https:\/\/labestiapolitica.com.mx\/index.php?rest_route=\/wp\/v2\/posts\/47015","targetHints":{"allow":["GET"]}}],"collection":[{"href":"https:\/\/labestiapolitica.com.mx\/index.php?rest_route=\/wp\/v2\/posts"}],"about":[{"href":"https:\/\/labestiapolitica.com.mx\/index.php?rest_route=\/wp\/v2\/types\/post"}],"author":[{"embeddable":true,"href":"https:\/\/labestiapolitica.com.mx\/index.php?rest_route=\/wp\/v2\/users\/3"}],"replies":[{"embeddable":true,"href":"https:\/\/labestiapolitica.com.mx\/index.php?rest_route=%2Fwp%2Fv2%2Fcomments&post=47015"}],"version-history":[{"count":1,"href":"https:\/\/labestiapolitica.com.mx\/index.php?rest_route=\/wp\/v2\/posts\/47015\/revisions"}],"predecessor-version":[{"id":47017,"href":"https:\/\/labestiapolitica.com.mx\/index.php?rest_route=\/wp\/v2\/posts\/47015\/revisions\/47017"}],"wp:featuredmedia":[{"embeddable":true,"href":"https:\/\/labestiapolitica.com.mx\/index.php?rest_route=\/wp\/v2\/media\/47016"}],"wp:attachment":[{"href":"https:\/\/labestiapolitica.com.mx\/index.php?rest_route=%2Fwp%2Fv2%2Fmedia&parent=47015"}],"wp:term":[{"taxonomy":"category","embeddable":true,"href":"https:\/\/labestiapolitica.com.mx\/index.php?rest_route=%2Fwp%2Fv2%2Fcategories&post=47015"},{"taxonomy":"post_tag","embeddable":true,"href":"https:\/\/labestiapolitica.com.mx\/index.php?rest_route=%2Fwp%2Fv2%2Ftags&post=47015"}],"curies":[{"name":"wp","href":"https:\/\/api.w.org\/{rel}","templated":true}]}}