{"id":47018,"date":"2025-08-11T20:20:21","date_gmt":"2025-08-12T02:20:21","guid":{"rendered":"https:\/\/labestiapolitica.com.mx\/?p=47018"},"modified":"2025-08-11T20:20:21","modified_gmt":"2025-08-12T02:20:21","slug":"investiga-cedht-denuncias-que-realiza-una-ppl-garantizando-sus-derechos-a-la-integridad-personal-y-al-debido-proceso","status":"publish","type":"post","link":"https:\/\/labestiapolitica.com.mx\/?p=47018","title":{"rendered":"Investiga CEDHT denuncias que realiza una PPL garantizando sus derechos a la integridad personal y al debido proceso."},"content":{"rendered":"<ul>\n<li style=\"text-align: justify;\"><em>El organismo aut\u00f3nomo vigila que se pondere la seguridad de la persona y de su familia<\/em><\/li>\n<\/ul>\n<p style=\"text-align: justify;\">La Comisi\u00f3n Estatal de Derechos Humanos de Tlaxcala (CEDHT) informa que previo a la difusi\u00f3n en redes sociales de un video que circula actualmente, inici\u00f3 un expediente de queja derivado de la denuncia que hace una Persona Privada de la Libertad (PPL), quien report\u00f3 presuntas irregularidades cometidas por autoridades penitenciarias que ponen en riesgo su vida, su integridad personal y la de sus familiares.<\/p>\n<p style=\"text-align: justify;\">La presidenta de la CEDHT, Jakqueline Ordo\u00f1ez Brasdefer, precis\u00f3 que el organismo aut\u00f3nomo ha realizado diversas entrevistas con la PPL y con su familia para conocer la situaci\u00f3n, ofreciendo acompa\u00f1amiento integral para garantizar sus derechos a la reinserci\u00f3n social, a la integridad personal y al debido proceso en el marco de los procedimientos sancionatorios que pudieran derivarse y observara que se pondere la seguridad de la persona denunciante y de sus familiares.<\/p>\n<p style=\"text-align: justify;\">Indic\u00f3 que la investigaci\u00f3n est\u00e1 en curso y se sigue recabando informaci\u00f3n, adem\u00e1s de que se han emitido medidas cautelares para salvaguardar la seguridad de la persona denunciante, se ha verificado la atenci\u00f3n m\u00e9dica oportuna, y se contin\u00faa con la investigaci\u00f3n para esclarecer los hechos y determinar las responsabilidades correspondientes.<\/p>\n<p style=\"text-align: justify;\">La CEDHT reitera que la obligaci\u00f3n de implementar medidas de protecci\u00f3n y evitar actos de represalia recae en las autoridades penitenciarias y de seguridad p\u00fablica, por lo que vigila el estricto cumplimiento de dichas acciones.<\/p>\n<p style=\"text-align: justify;\">La Ombudsperson subray\u00f3 que la Comisi\u00f3n act\u00faa con firmeza para que se respeten la dignidad y los derechos humanos de todas las personas, en especial de aquellas que se encuentran en situaci\u00f3n de vulnerabilidad como las PPL, garantizando que las denuncias sean investigadas con imparcialidad, oportunidad y apego a la ley.<\/p>\n<p>&nbsp;<\/p>\n<p><img loading=\"lazy\" decoding=\"async\" class=\"alignnone size-full wp-image-28405\" src=\"https:\/\/labestiapolitica.com.mx\/wp-content\/uploads\/2024\/06\/U-NOVA-y-se-diferente.png\" alt=\"\" width=\"1000\" height=\"600\" srcset=\"https:\/\/labestiapolitica.com.mx\/wp-content\/uploads\/2024\/06\/U-NOVA-y-se-diferente.png 1000w, https:\/\/labestiapolitica.com.mx\/wp-content\/uploads\/2024\/06\/U-NOVA-y-se-diferente-300x180.png 300w, https:\/\/labestiapolitica.com.mx\/wp-content\/uploads\/2024\/06\/U-NOVA-y-se-diferente-768x461.png 768w\" sizes=\"auto, (max-width: 1000px) 100vw, 1000px\" \/><\/p>\n","protected":false},"excerpt":{"rendered":"<p>El organismo aut\u00f3nomo vigila que se pondere la seguridad de la persona y de su familia La Comisi\u00f3n Estatal de Derechos Humanos de Tlaxcala (CEDHT) informa que previo a la difusi\u00f3n en redes sociales de un video que circula actualmente, inici\u00f3 un expediente de queja derivado de la denuncia que hace una Persona Privada de [&hellip;]<\/p>\n","protected":false},"author":3,"featured_media":47019,"comment_status":"open","ping_status":"open","sticky":false,"template":"","format":"standard","meta":{"footnotes":""},"categories":[7,232],"tags":[],"class_list":["post-47018","post","type-post","status-publish","format-standard","has-post-thumbnail","hentry","category-ciudadanos","category-derechos-humanos-tlaxcala"],"amp_enabled":true,"_links":{"self":[{"href":"https:\/\/labestiapolitica.com.mx\/index.php?rest_route=\/wp\/v2\/posts\/47018","targetHints":{"allow":["GET"]}}],"collection":[{"href":"https:\/\/labestiapolitica.com.mx\/index.php?rest_route=\/wp\/v2\/posts"}],"about":[{"href":"https:\/\/labestiapolitica.com.mx\/index.php?rest_route=\/wp\/v2\/types\/post"}],"author":[{"embeddable":true,"href":"https:\/\/labestiapolitica.com.mx\/index.php?rest_route=\/wp\/v2\/users\/3"}],"replies":[{"embeddable":true,"href":"https:\/\/labestiapolitica.com.mx\/index.php?rest_route=%2Fwp%2Fv2%2Fcomments&post=47018"}],"version-history":[{"count":1,"href":"https:\/\/labestiapolitica.com.mx\/index.php?rest_route=\/wp\/v2\/posts\/47018\/revisions"}],"predecessor-version":[{"id":47020,"href":"https:\/\/labestiapolitica.com.mx\/index.php?rest_route=\/wp\/v2\/posts\/47018\/revisions\/47020"}],"wp:featuredmedia":[{"embeddable":true,"href":"https:\/\/labestiapolitica.com.mx\/index.php?rest_route=\/wp\/v2\/media\/47019"}],"wp:attachment":[{"href":"https:\/\/labestiapolitica.com.mx\/index.php?rest_route=%2Fwp%2Fv2%2Fmedia&parent=47018"}],"wp:term":[{"taxonomy":"category","embeddable":true,"href":"https:\/\/labestiapolitica.com.mx\/index.php?rest_route=%2Fwp%2Fv2%2Fcategories&post=47018"},{"taxonomy":"post_tag","embeddable":true,"href":"https:\/\/labestiapolitica.com.mx\/index.php?rest_route=%2Fwp%2Fv2%2Ftags&post=47018"}],"curies":[{"name":"wp","href":"https:\/\/api.w.org\/{rel}","templated":true}]}}