{"id":47679,"date":"2025-08-20T20:23:44","date_gmt":"2025-08-21T02:23:44","guid":{"rendered":"https:\/\/labestiapolitica.com.mx\/?p=47679"},"modified":"2025-08-20T20:23:44","modified_gmt":"2025-08-21T02:23:44","slug":"acordo-cedht-con-activistas-defensoras-y-victimas-dar-seguimiento-a-casos-de-vulneracion-a-derechos-humanos","status":"publish","type":"post","link":"https:\/\/labestiapolitica.com.mx\/?p=47679","title":{"rendered":"Acord\u00f3 CEDHT con activistas, defensoras y v\u00edctimas dar seguimiento a casos de vulneraci\u00f3n a derechos humanos."},"content":{"rendered":"<ul>\n<li style=\"text-align: justify;\"><em>Entablaron una mesa de di\u00e1logo y agendaron atenci\u00f3n a casos prioritarios<\/em><\/li>\n<\/ul>\n<p style=\"text-align: justify;\">En seguimiento al trabajo del Consejo Consultivo de la Comisi\u00f3n Estatal de Derechos Humanos de Tlaxcala (CEDHT), presidido por la Ombudsperson, Jakqueline Ordo\u00f1ez Brasdefer, el organismo aut\u00f3nomo entabl\u00f3 una mesa de di\u00e1logo con activistas, defensoras de derechos humanos y v\u00edctimas, en la que acordaron dar seguimiento a casos prioritarios y obtener resultados satisfactorios.<\/p>\n<p style=\"text-align: justify;\">En la reuni\u00f3n estuvo la consejera consultiva Leticia Valera Gonz\u00e1lez y personal de la Unidad de Atenci\u00f3n y Enlace con la Sociedad Civil, quienes reforzaron el compromiso de la presidenta de la CEDHT para dar la apertura directa a la sociedad civil organizada y atender todos los casos de atenci\u00f3n prioritaria.<\/p>\n<p style=\"text-align: justify;\">Hubo compromisos por ambas partes, para iniciar la revisi\u00f3n de cada uno de los casos que interesan a las personas defensoras de derechos humanos, activistas y v\u00edctimas, as\u00ed como trabajar de manera solidaria para que se garantice el respeto de los derechos de todas las personas.<\/p>\n<p style=\"text-align: justify;\">La Ombudsperson reiter\u00f3 que se trabajar\u00e1 asunto por asunto con personal asignado a cada uno de ellos y mantener el di\u00e1logo y contacto directo con las v\u00edctimas y sociedad civil organizada.<\/p>\n<p style=\"text-align: justify;\">La Consejera consultiva a\u00f1adi\u00f3 que todos los temas expuestos en la reuni\u00f3n son de atenci\u00f3n prioritaria para la Comisi\u00f3n y que se actuar\u00e1 con profesionalismo y responsabilidad, adem\u00e1s de que se reforzar\u00e1n los canales de comunicaci\u00f3n con todas las personas defensoras de derechos humanos.<\/p>\n<p style=\"text-align: justify;\">Las personas que participaron en la reuni\u00f3n encontraron coincidencias en el actuar de la sociedad civil y la CEDHT en el sentido de proteger y garantizar los derechos humanos y que, a\u00fan en las diferencias puede haber trabajo coordinado y solidario.<\/p>\n<p>&nbsp;<\/p>\n<p><img loading=\"lazy\" decoding=\"async\" class=\"alignnone size-full wp-image-28405\" src=\"https:\/\/labestiapolitica.com.mx\/wp-content\/uploads\/2024\/06\/U-NOVA-y-se-diferente.png\" alt=\"\" width=\"1000\" height=\"600\" srcset=\"https:\/\/labestiapolitica.com.mx\/wp-content\/uploads\/2024\/06\/U-NOVA-y-se-diferente.png 1000w, https:\/\/labestiapolitica.com.mx\/wp-content\/uploads\/2024\/06\/U-NOVA-y-se-diferente-300x180.png 300w, https:\/\/labestiapolitica.com.mx\/wp-content\/uploads\/2024\/06\/U-NOVA-y-se-diferente-768x461.png 768w\" sizes=\"auto, (max-width: 1000px) 100vw, 1000px\" \/><\/p>\n","protected":false},"excerpt":{"rendered":"<p>Entablaron una mesa de di\u00e1logo y agendaron atenci\u00f3n a casos prioritarios En seguimiento al trabajo del Consejo Consultivo de la Comisi\u00f3n Estatal de Derechos Humanos de Tlaxcala (CEDHT), presidido por la Ombudsperson, Jakqueline Ordo\u00f1ez Brasdefer, el organismo aut\u00f3nomo entabl\u00f3 una mesa de di\u00e1logo con activistas, defensoras de derechos humanos y v\u00edctimas, en la que acordaron [&hellip;]<\/p>\n","protected":false},"author":3,"featured_media":47680,"comment_status":"open","ping_status":"open","sticky":false,"template":"","format":"standard","meta":{"footnotes":""},"categories":[7,232],"tags":[],"class_list":["post-47679","post","type-post","status-publish","format-standard","has-post-thumbnail","hentry","category-ciudadanos","category-derechos-humanos-tlaxcala"],"amp_enabled":true,"_links":{"self":[{"href":"https:\/\/labestiapolitica.com.mx\/index.php?rest_route=\/wp\/v2\/posts\/47679","targetHints":{"allow":["GET"]}}],"collection":[{"href":"https:\/\/labestiapolitica.com.mx\/index.php?rest_route=\/wp\/v2\/posts"}],"about":[{"href":"https:\/\/labestiapolitica.com.mx\/index.php?rest_route=\/wp\/v2\/types\/post"}],"author":[{"embeddable":true,"href":"https:\/\/labestiapolitica.com.mx\/index.php?rest_route=\/wp\/v2\/users\/3"}],"replies":[{"embeddable":true,"href":"https:\/\/labestiapolitica.com.mx\/index.php?rest_route=%2Fwp%2Fv2%2Fcomments&post=47679"}],"version-history":[{"count":1,"href":"https:\/\/labestiapolitica.com.mx\/index.php?rest_route=\/wp\/v2\/posts\/47679\/revisions"}],"predecessor-version":[{"id":47681,"href":"https:\/\/labestiapolitica.com.mx\/index.php?rest_route=\/wp\/v2\/posts\/47679\/revisions\/47681"}],"wp:featuredmedia":[{"embeddable":true,"href":"https:\/\/labestiapolitica.com.mx\/index.php?rest_route=\/wp\/v2\/media\/47680"}],"wp:attachment":[{"href":"https:\/\/labestiapolitica.com.mx\/index.php?rest_route=%2Fwp%2Fv2%2Fmedia&parent=47679"}],"wp:term":[{"taxonomy":"category","embeddable":true,"href":"https:\/\/labestiapolitica.com.mx\/index.php?rest_route=%2Fwp%2Fv2%2Fcategories&post=47679"},{"taxonomy":"post_tag","embeddable":true,"href":"https:\/\/labestiapolitica.com.mx\/index.php?rest_route=%2Fwp%2Fv2%2Ftags&post=47679"}],"curies":[{"name":"wp","href":"https:\/\/api.w.org\/{rel}","templated":true}]}}